{"id":106992,"date":"2019-07-27T08:07:22","date_gmt":"2019-07-27T11:07:22","guid":{"rendered":"http:\/\/www.caririemacao.com\/1\/?p=106992"},"modified":"2019-07-27T08:07:22","modified_gmt":"2019-07-27T11:07:22","slug":"conta-de-energia-eletrica-tera-bandeira-tarifaria-vermelha-em-agosto-informa-aneel","status":"publish","type":"post","link":"https:\/\/www.caririemacao.com\/1\/2019\/07\/27\/conta-de-energia-eletrica-tera-bandeira-tarifaria-vermelha-em-agosto-informa-aneel\/","title":{"rendered":"Conta de energia el\u00e9trica ter\u00e1 bandeira tarif\u00e1ria vermelha em agosto, informa Aneel"},"content":{"rendered":"\n<p>A Ag\u00eancia Nacional de Energia El\u00e9trica (Aneel) informou nessa sexta-feira (28) que a bandeira tarif\u00e1ria de agosto ser\u00e1 vermelha, o que significa uma cobran\u00e7a extra de R$ 4 a cada 100 quilowatts-hora consumidos.<\/p>\n\n\n\n<p>Em julho a bandeira tarif\u00e1ria em vigor foi a amarela com uma cobran\u00e7a extra de R$ 1,50 a cada 100 kWh.<\/p>\n\n\n\n<p>O sistema de bandeiras tarif\u00e1rias sinaliza o custo de gera\u00e7\u00e3o de energia. O objetivo \u00e9 informar aos consumidores quando esse custo aumenta e permitir que eles reduzam o uso para evitar pagar uma conta de luz mais cara.<\/p>\n\n\n\n<p>Segundo a Aneel, agosto \u00e9 um m\u00eas t\u00edpico de seca e a previs\u00e3o \u00e9 de chuvas abaixo da m\u00e9dia hist\u00f3rica e tend\u00eancia de redu\u00e7\u00e3o dos n\u00edveis dos principais reservat\u00f3rios das hidrel\u00e9tricas. De acordo com a ag\u00eancia, esse cen\u00e1rio vai exigir aumento da gera\u00e7\u00e3o termel\u00e9trica, que produz energia mais cara.<\/p>\n","protected":false},"excerpt":{"rendered":"<p>A Ag\u00eancia Nacional de Energia El\u00e9trica (Aneel) informou nessa sexta-feira (28) que a bandeira tarif\u00e1ria de agosto ser\u00e1 vermelha, o que significa uma cobran\u00e7a extra&hellip; <\/p>\n","protected":false},"author":1,"featured_media":100624,"comment_status":"closed","ping_status":"closed","sticky":false,"template":"","format":"standard","meta":{"sfsi_plus_gutenberg_text_before_share":"","sfsi_plus_gutenberg_show_text_before_share":"","sfsi_plus_gutenberg_icon_type":"","sfsi_plus_gutenberg_icon_alignemt":"","sfsi_plus_gutenburg_max_per_row":"","footnotes":""},"categories":[50,2],"tags":[],"class_list":["post-106992","post","type-post","status-publish","format-standard","has-post-thumbnail","hentry","category-destaque","category-geral"],"_links":{"self":[{"href":"https:\/\/www.caririemacao.com\/1\/wp-json\/wp\/v2\/posts\/106992","targetHints":{"allow":["GET"]}}],"collection":[{"href":"https:\/\/www.caririemacao.com\/1\/wp-json\/wp\/v2\/posts"}],"about":[{"href":"https:\/\/www.caririemacao.com\/1\/wp-json\/wp\/v2\/types\/post"}],"author":[{"embeddable":true,"href":"https:\/\/www.caririemacao.com\/1\/wp-json\/wp\/v2\/users\/1"}],"replies":[{"embeddable":true,"href":"https:\/\/www.caririemacao.com\/1\/wp-json\/wp\/v2\/comments?post=106992"}],"version-history":[{"count":1,"href":"https:\/\/www.caririemacao.com\/1\/wp-json\/wp\/v2\/posts\/106992\/revisions"}],"predecessor-version":[{"id":106994,"href":"https:\/\/www.caririemacao.com\/1\/wp-json\/wp\/v2\/posts\/106992\/revisions\/106994"}],"wp:featuredmedia":[{"embeddable":true,"href":"https:\/\/www.caririemacao.com\/1\/wp-json\/wp\/v2\/media\/100624"}],"wp:attachment":[{"href":"https:\/\/www.caririemacao.com\/1\/wp-json\/wp\/v2\/media?parent=106992"}],"wp:term":[{"taxonomy":"category","embeddable":true,"href":"https:\/\/www.caririemacao.com\/1\/wp-json\/wp\/v2\/categories?post=106992"},{"taxonomy":"post_tag","embeddable":true,"href":"https:\/\/www.caririemacao.com\/1\/wp-json\/wp\/v2\/tags?post=106992"}],"curies":[{"name":"wp","href":"https:\/\/api.w.org\/{rel}","templated":true}]}}