{"id":107000,"date":"2019-07-27T08:09:48","date_gmt":"2019-07-27T11:09:48","guid":{"rendered":"http:\/\/www.caririemacao.com\/1\/?p=107000"},"modified":"2019-07-27T08:09:48","modified_gmt":"2019-07-27T11:09:48","slug":"manuela-confirma-ter-intermediado-contato-entre-hacker-e-glenn-greenwald","status":"publish","type":"post","link":"https:\/\/www.caririemacao.com\/1\/2019\/07\/27\/manuela-confirma-ter-intermediado-contato-entre-hacker-e-glenn-greenwald\/","title":{"rendered":"Manuela confirma ter intermediado contato entre hacker e Glenn Greenwald"},"content":{"rendered":"\n<p>A ex-deputada Manuela D&#8217;\u00c1vila (PC do B) disse na noite desta sexta-feira (26) que intermediou o contato entre um dos presos na ter\u00e7a (23) sob suspeita de ter hackeado celulares de autoridades, Walter Delgatti Filho, e o jornalista Glenn Greenwald, do site The Intercept Brasil.<\/p>\n\n\n\n<p>Em nota, Manuela disse que n\u00e3o tinha conhecimento da identidade da pessoa que entrou em contato com ela e ofereceu seu celular para per\u00edcia.<\/p>\n\n\n\n<p>Em depoimento \u00e0 Pol\u00edcia Federal, Delgatti Filho afirmou que obteve o contato de Greenwald por meio da ex-deputada, que agora est\u00e1 no exterior com a fam\u00edlia. O teor do depoimento foi revelado nesta sexta pela GloboNews.<\/p>\n\n\n\n<p>Manuela disse ter tomado conhecimento da men\u00e7\u00e3o ao seu nome pela imprensa. Segundo a nota, em 12 de maio, a ex-deputada foi comunicada pelo aplicativo de mensagens Telegram de que seu dispositivo havia sido invadido no estado da Virg\u00ednia (EUA).<\/p>\n\n\n\n<p>&#8220;Minutos depois, pelo mesmo aplicativo, recebi mensagem de pessoa que, inicialmente, se identificou como algu\u00e9m inserido na minha lista de contatos para, a seguir, afirmar que n\u00e3o era quem eu supunha que fosse, mas que era algu\u00e9m que tinha obtido provas de graves atos il\u00edcitos praticados por autoridades brasileiras&#8221;, diz Manuela no comunicado.<\/p>\n\n\n\n<p>&#8220;Sem se identificar, mas dizendo morar no exterior, afirmou que queria divulgar o material por ele coletado para o bem do pa\u00eds, sem falar ou insinuar que pretendia receber pagamento ou vantagem de qualquer natureza&#8221;, afirma a ex-deputada em nota.<br>Manuela diz que pensou se tratar de uma armadilha montada por advers\u00e1rios pol\u00edticos e que, por isso, repassou o telefone do jornalista americano.<\/p>\n\n\n\n<p>&#8220;Apesar de ser jornalista e por estar apta a produzir mat\u00e9rias com sigilo de fonte, repassei ao invasor do meu celular o contato do reconhecido e renomado jornalista investigativo Glenn Greenwald.&#8221;<\/p>\n\n\n\n<p>A ex-deputada insiste na nota que desconhece a identidade de quem invadiu seu celular e se coloca \u00e0 disposi\u00e7\u00e3o para ajudar no esclarecimento dos fatos.<br>Ela afirma que orientou seus advogados a entregar \u00e0 Pol\u00edcia Federal c\u00f3pias das mensagens que recebeu e a informar formalmente que est\u00e1 disposta a apresentar seu celular para per\u00edcia.<\/p>\n\n\n\n<p>Segundo o depoimento, Delgatti procurou Grennwald por conhecer sua atua\u00e7\u00e3o no vazamento de documentos secretos dos EUA, no caso de Edward Snowden. O compartilhamento com o Intercept, segundo o preso, foi volunt\u00e1rio e n\u00e3o envolveu pagamento.<br><\/p>\n","protected":false},"excerpt":{"rendered":"<p>A ex-deputada Manuela D&#8217;\u00c1vila (PC do B) disse na noite desta sexta-feira (26) que intermediou o contato entre um dos presos na ter\u00e7a (23) sob&hellip; <\/p>\n","protected":false},"author":1,"featured_media":107001,"comment_status":"closed","ping_status":"closed","sticky":false,"template":"","format":"standard","meta":{"sfsi_plus_gutenberg_text_before_share":"","sfsi_plus_gutenberg_show_text_before_share":"","sfsi_plus_gutenberg_icon_type":"","sfsi_plus_gutenberg_icon_alignemt":"","sfsi_plus_gutenburg_max_per_row":"","footnotes":""},"categories":[11],"tags":[],"class_list":["post-107000","post","type-post","status-publish","format-standard","has-post-thumbnail","hentry","category-politica"],"_links":{"self":[{"href":"https:\/\/www.caririemacao.com\/1\/wp-json\/wp\/v2\/posts\/107000","targetHints":{"allow":["GET"]}}],"collection":[{"href":"https:\/\/www.caririemacao.com\/1\/wp-json\/wp\/v2\/posts"}],"about":[{"href":"https:\/\/www.caririemacao.com\/1\/wp-json\/wp\/v2\/types\/post"}],"author":[{"embeddable":true,"href":"https:\/\/www.caririemacao.com\/1\/wp-json\/wp\/v2\/users\/1"}],"replies":[{"embeddable":true,"href":"https:\/\/www.caririemacao.com\/1\/wp-json\/wp\/v2\/comments?post=107000"}],"version-history":[{"count":1,"href":"https:\/\/www.caririemacao.com\/1\/wp-json\/wp\/v2\/posts\/107000\/revisions"}],"predecessor-version":[{"id":107002,"href":"https:\/\/www.caririemacao.com\/1\/wp-json\/wp\/v2\/posts\/107000\/revisions\/107002"}],"wp:featuredmedia":[{"embeddable":true,"href":"https:\/\/www.caririemacao.com\/1\/wp-json\/wp\/v2\/media\/107001"}],"wp:attachment":[{"href":"https:\/\/www.caririemacao.com\/1\/wp-json\/wp\/v2\/media?parent=107000"}],"wp:term":[{"taxonomy":"category","embeddable":true,"href":"https:\/\/www.caririemacao.com\/1\/wp-json\/wp\/v2\/categories?post=107000"},{"taxonomy":"post_tag","embeddable":true,"href":"https:\/\/www.caririemacao.com\/1\/wp-json\/wp\/v2\/tags?post=107000"}],"curies":[{"name":"wp","href":"https:\/\/api.w.org\/{rel}","templated":true}]}}