{"id":107006,"date":"2019-07-27T08:12:25","date_gmt":"2019-07-27T11:12:25","guid":{"rendered":"http:\/\/www.caririemacao.com\/1\/?p=107006"},"modified":"2019-07-27T08:12:25","modified_gmt":"2019-07-27T11:12:25","slug":"cerca-de-19-mil-candidatos-estao-com-inscricoes-confirmadas-no-concurso-da-ufcg","status":"publish","type":"post","link":"https:\/\/www.caririemacao.com\/1\/2019\/07\/27\/cerca-de-19-mil-candidatos-estao-com-inscricoes-confirmadas-no-concurso-da-ufcg\/","title":{"rendered":"Cerca de 19 mil candidatos est\u00e3o com inscri\u00e7\u00f5es confirmadas no concurso da UFCG"},"content":{"rendered":"\n<p>Em torno de 19 mil candidatos, entre isentos e aqueles que pagaram a inscri\u00e7\u00e3o,&nbsp;est\u00e3o aptos a fazer o&nbsp;concurso p\u00fablico da Universidade Federal de Campina Grande (UFCG) para as 86 vagas aos cargos de t\u00e9cnico administrativos. O n\u00famero ainda pode aumentar e a quantidade definitiva de inscritos ser\u00e1 anunciada at\u00e9 quarta-feira, uma vez que os pagamentos de inscri\u00e7\u00f5es ainda est\u00e3o sendo consolidados.&nbsp;<\/p>\n\n\n\n<p>A informa\u00e7\u00e3o \u00e9 do presidente da&nbsp;<a href=\"https:\/\/comprov.ufcg.edu.br\/index.php?option=com_content&amp;view=article&amp;id=606\">Comiss\u00e3o de Processos Vestibulares (Comprov)<\/a>,&nbsp;o professor Ant\u00f4nio Jos\u00e9 da Silva, ao Portal ClickPB. &#8220;Como o pagamento foi at\u00e9 ontem, n\u00f3s vamos fazer uma extra\u00e7\u00e3o ainda na segunda e na ter\u00e7a, porque ainda tem em torno de 15 mil candidatos que geraram a GRU (Guia de Recolhimento da Uni\u00e3o)&nbsp;para pagamento, e a gente tem que ver se o pessoal pagou. A gente s\u00f3 vai ter o n\u00famero exato eu creio que na ter\u00e7a ou quarta, pela manh\u00e3&#8221;, explicou. Segundo ele, ap\u00f3s o pagamento da taxa pelo candidato, o banco tem pelo menos 48 horas para liberar.&nbsp;<\/p>\n\n\n\n<p>As inscri\u00e7\u00f5es aconteceram&nbsp;at\u00e9 a \u00faltima&nbsp;ter\u00e7a-feira (23).&nbsp;As taxas de inscri\u00e7\u00e3o custam&nbsp;R$ 48 (classe C), R$ 61 (classe D) e R$ 104 (classe E).<\/p>\n\n\n\n<p>Das vagas oferecidas, 36 s\u00e3o para cargos de n\u00edvel m\u00e9dio, t\u00e9cnico e superior.&nbsp;A divulga\u00e7\u00e3o do resultado final para os cargos sem prova pr\u00e1tica est\u00e1 marcada para o dia 22 de novembro.<\/p>\n\n\n\n<p>De 30 a 31 de novembro, ser\u00e3o realizadas as prova pr\u00e1ticas para os cargos de Tradutor e Int\u00e9rprete de Linguagem de Sinais e de Revisor de Textos Braille.<\/p>\n\n\n\n<p>Para o cargo de T\u00e9cnico em M\u00fasica-Viola, a prova pr\u00e1tica ser\u00e1 realizada em duas etapas: na primeira, o candidato dever\u00e1 gravar e enviar\/entregar, entre os dias 21 e 23 de outubro, a execu\u00e7\u00e3o da pe\u00e7a de confronto Johann Sebastian Bach &#8211; Suite N\u00ba 2 BWV 1007, I- (Prelude e Allemanda), que servir\u00e1 para a Banca Examinadora avaliar a performance do candidato. A execu\u00e7\u00e3o dever\u00e1 ser gravada com o som e a imagem do candidato.&nbsp;<\/p>\n\n\n\n<p>A segunda etapa da prova pr\u00e1tica ser\u00e1 presencial, nos dias 12 e 13 de novembro.<\/p>\n","protected":false},"excerpt":{"rendered":"<p>Em torno de 19 mil candidatos, entre isentos e aqueles que pagaram a inscri\u00e7\u00e3o,&nbsp;est\u00e3o aptos a fazer o&nbsp;concurso p\u00fablico da Universidade Federal de Campina Grande&hellip; <\/p>\n","protected":false},"author":1,"featured_media":106086,"comment_status":"closed","ping_status":"closed","sticky":false,"template":"","format":"standard","meta":{"sfsi_plus_gutenberg_text_before_share":"","sfsi_plus_gutenberg_show_text_before_share":"","sfsi_plus_gutenberg_icon_type":"","sfsi_plus_gutenberg_icon_alignemt":"","sfsi_plus_gutenburg_max_per_row":"","footnotes":""},"categories":[2],"tags":[],"class_list":["post-107006","post","type-post","status-publish","format-standard","has-post-thumbnail","hentry","category-geral"],"_links":{"self":[{"href":"https:\/\/www.caririemacao.com\/1\/wp-json\/wp\/v2\/posts\/107006","targetHints":{"allow":["GET"]}}],"collection":[{"href":"https:\/\/www.caririemacao.com\/1\/wp-json\/wp\/v2\/posts"}],"about":[{"href":"https:\/\/www.caririemacao.com\/1\/wp-json\/wp\/v2\/types\/post"}],"author":[{"embeddable":true,"href":"https:\/\/www.caririemacao.com\/1\/wp-json\/wp\/v2\/users\/1"}],"replies":[{"embeddable":true,"href":"https:\/\/www.caririemacao.com\/1\/wp-json\/wp\/v2\/comments?post=107006"}],"version-history":[{"count":1,"href":"https:\/\/www.caririemacao.com\/1\/wp-json\/wp\/v2\/posts\/107006\/revisions"}],"predecessor-version":[{"id":107007,"href":"https:\/\/www.caririemacao.com\/1\/wp-json\/wp\/v2\/posts\/107006\/revisions\/107007"}],"wp:featuredmedia":[{"embeddable":true,"href":"https:\/\/www.caririemacao.com\/1\/wp-json\/wp\/v2\/media\/106086"}],"wp:attachment":[{"href":"https:\/\/www.caririemacao.com\/1\/wp-json\/wp\/v2\/media?parent=107006"}],"wp:term":[{"taxonomy":"category","embeddable":true,"href":"https:\/\/www.caririemacao.com\/1\/wp-json\/wp\/v2\/categories?post=107006"},{"taxonomy":"post_tag","embeddable":true,"href":"https:\/\/www.caririemacao.com\/1\/wp-json\/wp\/v2\/tags?post=107006"}],"curies":[{"name":"wp","href":"https:\/\/api.w.org\/{rel}","templated":true}]}}