{"id":107011,"date":"2019-07-27T10:02:54","date_gmt":"2019-07-27T13:02:54","guid":{"rendered":"http:\/\/www.caririemacao.com\/1\/?p=107011"},"modified":"2019-07-27T10:02:54","modified_gmt":"2019-07-27T13:02:54","slug":"parentes-de-bolsonaro-foram-a-casamento-de-eduardo-em-helicoptero-da-presidencia","status":"publish","type":"post","link":"https:\/\/www.caririemacao.com\/1\/2019\/07\/27\/parentes-de-bolsonaro-foram-a-casamento-de-eduardo-em-helicoptero-da-presidencia\/","title":{"rendered":"Parentes de Bolsonaro foram a casamento de Eduardo em helic\u00f3ptero da Presid\u00eancia"},"content":{"rendered":"\n<p>Helic\u00f3ptero da Presid\u00eancia da Rep\u00fablica foi usado para transportar convidados para o casamento de Eduardo Bolsonaro, deputado federal do PSL e filho do presidente, com a psic\u00f3loga ga\u00facha Helo\u00edsa Wolf, no dia 25 de maio deste ano.<\/p>\n\n\n\n<p>Um sobrinho de Jair Bolsonaro divulgou em sua p\u00e1gina de uma rede social um v\u00eddeo em que ele e outras pessoas \u2013 todas com roupa de festa &#8211; embarcam em um helic\u00f3ptero da For\u00e7a A\u00e9rea Brasileira (FAB).<\/p>\n\n\n\n<figure><iframe width=\"560\" height=\"315\" data-src=\"https:\/\/www.youtube.com\/embed\/10Ff-KQncXw\" allowfullscreen=\"\" src=\"data:image\/svg+xml;base64,PHN2ZyB3aWR0aD0iMSIgaGVpZ2h0PSIxIiB4bWxucz0iaHR0cDovL3d3dy53My5vcmcvMjAwMC9zdmciPjwvc3ZnPg==\" class=\"lazyload\" data-load-mode=\"1\"><\/iframe><\/figure>\n\n\n\n<p>\u201cE a\u00ed, senhores, estamos bonitos? Vamos passear de\u2026 helic\u00f3ptero\u201d, diz Osvaldo Bolsonaro Campos no v\u00eddeo. Ap\u00f3s o G1 questionar nesta quinta-feira (25) a FAB e o Gabinete de Seguran\u00e7a Institucional (GSI) sobre os passageiros e o motivo do uso da aeronave, o v\u00eddeo foi apagado da rede social.<\/p>\n\n\n\n<p>Osvaldo \u00e9 filho de Maria Denise Bolsonaro, uma das irm\u00e3s do presidente. \u201cSaiu a caravana do Vale do Ribeira direto para o Rio de Janeiro. Vamos, caravana&#8221;, afirma ele.<\/p>\n\n\n\n<p>Osvaldo registrou em um v\u00eddeo de 24 minutos a viagem entre o aeroportos de Jacarepagu\u00e1 (Bolsonaro tem resid\u00eancia no bairro vizinho, na Barra da Tijuca) e Santos Dumont (no Centro do Rio, pr\u00f3ximo a Santa Teresa, onde aconteceu a cerim\u00f4nia).<\/p>\n\n\n\n<p>O trajeto de 35 km, que, de carro, seria feito em cerca de 35 minutos &#8211; foram 14 minutos de voo. Nas imagens, aparecem tamb\u00e9m outras pessoas, entre elas, irm\u00e3s de Bolsonaro e o deputado federal H\u00e9lio Lopes (PSL-RJ), amigo do presidente.<\/p>\n\n\n\n<p>Militares da For\u00e7a A\u00e9rea, fardados, ajudam os passageiros a embarcarem e a colocarem os cintos de seguran\u00e7a. O helic\u00f3ptero \u00e9 um H-36 Caracal, com camuflagem. Nas imagens, ele parece estacionado ao lado de um helic\u00f3ptero igual, de cor branca, que \u00e9 usado por Bolsonaro.<\/p>\n\n\n\n<p>O GSI informou que \u201cpor raz\u00f5es de seguran\u00e7a\u201d decidiu que o \u201cpresidente e familiares fossem transportados em helic\u00f3pteros da For\u00e7a A\u00e9rea Brasileira\u201d. Como o casamento era em Santa Tereza, eles passariam por algumas comunidades perigosas.<\/p>\n\n\n\n<p>E cita a lei 13.844, de junho de 2019, feita ap\u00f3s o casamento, que diz em par\u00e1grafo \u00fanico: \u201cEntende-se por viagem presidencial em territ\u00f3rio nacional os deslocamentos, para diferentes localidades no Pa\u00eds, do Presidente ou do Vice-Presidente da Rep\u00fablica e respectivas comitivas.\u201d N\u00e3o especifica quem pode se deslocar em aeronaves da Presid\u00eancia e em que ocasi\u00f5es. O artigo 10 dessa lei diz que: \u201cOs casos omissos dever\u00e3o ser submetidos \u00e0 aprecia\u00e7\u00e3o do Chefe do Gabinete de Seguran\u00e7a Institucional.\u201d<\/p>\n\n\n\n<p>O gabinete do deputado H\u00e9lio Lopes afirmou que ele integrava a comitiva presidencial. \u201cSaiu de Bras\u00edlia para ir acompanhando o presidente para o casamento do filho Eduardo.\u201d<\/p>\n\n\n\n<p>O G1 ligou para Osvaldo em sua loja de materiais de constru\u00e7\u00e3o em Jacupiranga, no interior de S\u00e3o Paulo, mas foi informado que ele n\u00e3o se encontrava, e deixou recado. Tamb\u00e9m deixou mensagem em seu perfil na rede social, mas n\u00e3o teve retorno at\u00e9 as 13h desta sexta (26).<\/p>\n","protected":false},"excerpt":{"rendered":"<p>Helic\u00f3ptero da Presid\u00eancia da Rep\u00fablica foi usado para transportar convidados para o casamento de Eduardo Bolsonaro, deputado federal do PSL e filho do presidente, com&hellip; <\/p>\n","protected":false},"author":1,"featured_media":107012,"comment_status":"closed","ping_status":"closed","sticky":false,"template":"","format":"standard","meta":{"sfsi_plus_gutenberg_text_before_share":"","sfsi_plus_gutenberg_show_text_before_share":"","sfsi_plus_gutenberg_icon_type":"","sfsi_plus_gutenberg_icon_alignemt":"","sfsi_plus_gutenburg_max_per_row":"","footnotes":""},"categories":[11],"tags":[],"class_list":["post-107011","post","type-post","status-publish","format-standard","has-post-thumbnail","hentry","category-politica"],"_links":{"self":[{"href":"https:\/\/www.caririemacao.com\/1\/wp-json\/wp\/v2\/posts\/107011","targetHints":{"allow":["GET"]}}],"collection":[{"href":"https:\/\/www.caririemacao.com\/1\/wp-json\/wp\/v2\/posts"}],"about":[{"href":"https:\/\/www.caririemacao.com\/1\/wp-json\/wp\/v2\/types\/post"}],"author":[{"embeddable":true,"href":"https:\/\/www.caririemacao.com\/1\/wp-json\/wp\/v2\/users\/1"}],"replies":[{"embeddable":true,"href":"https:\/\/www.caririemacao.com\/1\/wp-json\/wp\/v2\/comments?post=107011"}],"version-history":[{"count":1,"href":"https:\/\/www.caririemacao.com\/1\/wp-json\/wp\/v2\/posts\/107011\/revisions"}],"predecessor-version":[{"id":107013,"href":"https:\/\/www.caririemacao.com\/1\/wp-json\/wp\/v2\/posts\/107011\/revisions\/107013"}],"wp:featuredmedia":[{"embeddable":true,"href":"https:\/\/www.caririemacao.com\/1\/wp-json\/wp\/v2\/media\/107012"}],"wp:attachment":[{"href":"https:\/\/www.caririemacao.com\/1\/wp-json\/wp\/v2\/media?parent=107011"}],"wp:term":[{"taxonomy":"category","embeddable":true,"href":"https:\/\/www.caririemacao.com\/1\/wp-json\/wp\/v2\/categories?post=107011"},{"taxonomy":"post_tag","embeddable":true,"href":"https:\/\/www.caririemacao.com\/1\/wp-json\/wp\/v2\/tags?post=107011"}],"curies":[{"name":"wp","href":"https:\/\/api.w.org\/{rel}","templated":true}]}}