{"id":107020,"date":"2019-07-27T10:10:40","date_gmt":"2019-07-27T13:10:40","guid":{"rendered":"http:\/\/www.caririemacao.com\/1\/?p=107020"},"modified":"2019-07-27T10:10:40","modified_gmt":"2019-07-27T13:10:40","slug":"jornalista-glenn-greenwald-revela-que-o-mais-bombastico-ainda-sera-publicado","status":"publish","type":"post","link":"https:\/\/www.caririemacao.com\/1\/2019\/07\/27\/jornalista-glenn-greenwald-revela-que-o-mais-bombastico-ainda-sera-publicado\/","title":{"rendered":"Jornalista Glenn Greenwald revela que \u201co mais bomb\u00e1stico ainda ser\u00e1 publicado\u201d"},"content":{"rendered":"\n<p>O jornalista Glenn Greenwald revelou&nbsp;durante entrevista ao site Metr\u00f3poles (DF) nesta sexta-feira (26) que,&nbsp;&#8220;os materiais mais bomb\u00e1sticos e importantes ainda n\u00e3o foram publicados, mas logo ser\u00e3o&#8221;, em rela\u00e7\u00e3o sobre a s\u00e9rie de reportagens do site Intercept Brasil que revela irregularidades da Lava Jato; &#8220;Tem muitas revela\u00e7\u00f5es graves&#8221;&nbsp;<\/p>\n\n\n\n<p>&#8220;Tem muitas revela\u00e7\u00f5es graves. Essas seis semanas que come\u00e7amos a publicar foram muito pouco tempo para um acervo deste tamanho. Ent\u00e3o, com certeza, vai ter muito mais revela\u00e7\u00f5es graves no futuro&#8221;, acrescentou ele durante entrevista ao site Metr\u00f3poles (DF).<br><\/p>\n\n\n\n<p>Atingido em cheio pelas revela\u00e7\u00f5es, o ministro S\u00e9rgio Moro (Justi\u00e7a) publicou uma portaria que pode resultar na deporta\u00e7\u00e3o do jornalista. &#8220;Esta Portaria regula o impedimento de ingresso, a repatria\u00e7\u00e3o, a deporta\u00e7\u00e3o sum\u00e1ria, a redu\u00e7\u00e3o ou cancelamento do prazo de estada de pessoa perigosa para a seguran\u00e7a do Brasil ou de pessoa que tenha praticado ato contr\u00e1rio aos princ\u00edpios e objetivos dispostos na Constitui\u00e7\u00e3o Federal&#8221;, diz o texto<a href=\"http:\/\/www.in.gov.br\/en\/web\/dou\/-\/portaria-n-666-de-25-de-julho-de-2019-207244569\">(veja aqui)<\/a>.<\/p>\n\n\n\n<p>Greenwald ficou conhecido internacionalmente em 2013, quando divulgou em parceria com Edward Snowden a exist\u00eancia dos programas secretos de vigil\u00e2ncia global dos Estados Unidos, efetuados pela sua Ag\u00eancia de Seguran\u00e7a Nacional (NSA). O jornalista comparou este caso com as reportagens do Intercept sobre a Lava Jato.<\/p>\n\n\n\n<p>&#8220;Uma diferen\u00e7a \u00e9 que o material do Snowden era sobre seguran\u00e7a nacional. Ent\u00e3o, por um lado foi um pouco mais sens\u00edvel, porque com materiais e segredos sobre seguran\u00e7a nacional voc\u00ea pode errar e acabar publicando algo que deixa algu\u00e9m em perigo s\u00e9rio, perigo de morte. Ent\u00e3o, por um lado \u00e9 mais perigoso. Mas, por outro, o material que estamos trabalhando agora \u00e9 sobre as pessoas mais poderosas deste pa\u00eds que j\u00e1 mostraram que quebrariam qualquer lei ou c\u00f3digo de \u00e9tica para realizar seus fins. Ent\u00e3o, eu acho que a reportagem que estamos fazendo, neste caso, \u00e9 mais perigosa, com mais risco, que a reportagem que fizemos, pelo fato de a mat\u00e9ria ser sobre o governo atual&#8221;, disse.<\/p>\n\n\n\n<p>&#8220;Durante a \u00e9poca do Snowden, eu estava no Brasil ou na Alemanha reportando sobre outros governos, com dist\u00e2ncia. Mas, agora, as pessoas que estamos revelando, divulgando, denunciando, s\u00e3o muito mais pr\u00f3ximas e t\u00eam mais controle sobre n\u00f3s. Ent\u00e3o, o material \u00e9 mais perigoso&#8221;, continuou.<\/p>\n","protected":false},"excerpt":{"rendered":"<p>O jornalista Glenn Greenwald revelou&nbsp;durante entrevista ao site Metr\u00f3poles (DF) nesta sexta-feira (26) que,&nbsp;&#8220;os materiais mais bomb\u00e1sticos e importantes ainda n\u00e3o foram publicados, mas logo&hellip; <\/p>\n","protected":false},"author":1,"featured_media":107021,"comment_status":"closed","ping_status":"closed","sticky":false,"template":"","format":"standard","meta":{"sfsi_plus_gutenberg_text_before_share":"","sfsi_plus_gutenberg_show_text_before_share":"","sfsi_plus_gutenberg_icon_type":"","sfsi_plus_gutenberg_icon_alignemt":"","sfsi_plus_gutenburg_max_per_row":"","footnotes":""},"categories":[2],"tags":[],"class_list":["post-107020","post","type-post","status-publish","format-standard","has-post-thumbnail","hentry","category-geral"],"_links":{"self":[{"href":"https:\/\/www.caririemacao.com\/1\/wp-json\/wp\/v2\/posts\/107020","targetHints":{"allow":["GET"]}}],"collection":[{"href":"https:\/\/www.caririemacao.com\/1\/wp-json\/wp\/v2\/posts"}],"about":[{"href":"https:\/\/www.caririemacao.com\/1\/wp-json\/wp\/v2\/types\/post"}],"author":[{"embeddable":true,"href":"https:\/\/www.caririemacao.com\/1\/wp-json\/wp\/v2\/users\/1"}],"replies":[{"embeddable":true,"href":"https:\/\/www.caririemacao.com\/1\/wp-json\/wp\/v2\/comments?post=107020"}],"version-history":[{"count":1,"href":"https:\/\/www.caririemacao.com\/1\/wp-json\/wp\/v2\/posts\/107020\/revisions"}],"predecessor-version":[{"id":107022,"href":"https:\/\/www.caririemacao.com\/1\/wp-json\/wp\/v2\/posts\/107020\/revisions\/107022"}],"wp:featuredmedia":[{"embeddable":true,"href":"https:\/\/www.caririemacao.com\/1\/wp-json\/wp\/v2\/media\/107021"}],"wp:attachment":[{"href":"https:\/\/www.caririemacao.com\/1\/wp-json\/wp\/v2\/media?parent=107020"}],"wp:term":[{"taxonomy":"category","embeddable":true,"href":"https:\/\/www.caririemacao.com\/1\/wp-json\/wp\/v2\/categories?post=107020"},{"taxonomy":"post_tag","embeddable":true,"href":"https:\/\/www.caririemacao.com\/1\/wp-json\/wp\/v2\/tags?post=107020"}],"curies":[{"name":"wp","href":"https:\/\/api.w.org\/{rel}","templated":true}]}}