{"id":107026,"date":"2019-07-27T10:12:32","date_gmt":"2019-07-27T13:12:32","guid":{"rendered":"http:\/\/www.caririemacao.com\/1\/?p=107026"},"modified":"2019-07-27T10:12:32","modified_gmt":"2019-07-27T13:12:32","slug":"programa-que-vai-rever-o-mais-medicos-sera-lancado-na-semana-que-vem-diz-ministro-da-saude","status":"publish","type":"post","link":"https:\/\/www.caririemacao.com\/1\/2019\/07\/27\/programa-que-vai-rever-o-mais-medicos-sera-lancado-na-semana-que-vem-diz-ministro-da-saude\/","title":{"rendered":"Programa que vai &#8216;rever o Mais M\u00e9dicos&#8217; ser\u00e1 lan\u00e7ado na semana que vem, diz ministro da Sa\u00fade"},"content":{"rendered":"\n<p>O ministro da Sa\u00fade, Luiz Henrique Mandetta, afirmou na tarde de sexta-feira (26) que o programa que vai rever o Mais M\u00e9dicos ser\u00e1 lan\u00e7ado ainda nesta semana. &#8220;A Casa Civil e a Presid\u00eancia da Rep\u00fablica deram o OK e na semana que vem a gente lan\u00e7a o M\u00e9dico Pelo Brasil, o novo programa que vai rever o programa Mais M\u00e9dicos&#8221;, disse Mandetta a jornalistas no Rio de Janeiro.<\/p>\n\n\n\n<p>&#8220;Vamos fazer na pr\u00f3xima semana, falta ver a agenda do presidente&#8221;, disse Mandetta. Segundo o ministro, o programa M\u00e9dico Pelo Brasil \u00e9 &#8220;basicamente focado na aten\u00e7\u00e3o prim\u00e1ria&#8221;.<\/p>\n\n\n\n<p>&#8220;[O programa M\u00e9dico Pelo Brasil] \u00e9 praticamente todo voltado para o que a gente chama de Brasil profundo, que s\u00e3o as cidades mais vulner\u00e1veis e que s\u00e3o as cidades que menos t\u00eam o apelo das campanhas&#8221;, disse Luiz Henrique Mandetta, ministro da Sa\u00fade.<\/p>\n\n\n\n<p>&#8220;\u00c9 no interior do Brasil que tem mais dificuldade para usar capacete. \u00c9 no interior que o cigarro chega e a popula\u00e7\u00e3o rural fuma com palha de milho. Como \u00e9 que eu chego nele, que tem menos acesso a informa\u00e7\u00e3o? Eu tenho que ter aten\u00e7\u00e3o prim\u00e1ria.&#8221;<\/p>\n\n\n\n<p><strong>Substitui\u00e7\u00e3o do Mais M\u00e9dicos<\/strong><\/p>\n\n\n\n<p>O lan\u00e7amento de um programa que substituiria o Mais M\u00e9dicos j\u00e1 era aguardado desde que o ministro Luiz Henrique Mandetta assumiu o cargo.<\/p>\n\n\n\n<p>Em entrevista ao G1 em fevereiro, Mandetta j\u00e1 havia dito que o programa seria &#8220;reformulado&#8221; e que novas a\u00e7\u00f5es estavam em an\u00e1lise.<\/p>\n\n\n\n<p>Em maio, o Minist\u00e9rio da Sa\u00fade disse, em nota, que a prioriza\u00e7\u00e3o de atendimento m\u00e9dico para os munic\u00edpios com maior vulnerabilidade social seria o foco de um novo programa que estava em elabora\u00e7\u00e3o.<\/p>\n\n\n\n<p>O problema dos m\u00e9dicos cubanos que ficaram sem trabalho e permanecem no Brasil depois da sa\u00edda de Cuba do programa \u00e9 uma das preocupa\u00e7\u00f5es do minist\u00e9rio. Fora do Mais M\u00e9dicos, os formados no exterior n\u00e3o podem atuar na medicina brasileira sem a aprova\u00e7\u00e3o no Revalida, exame que n\u00e3o \u00e9 feito desde 2017.<\/p>\n\n\n\n<p>No \u00faltimo dia 10, a pasta informou ao G1 que &#8220;trabalha na elabora\u00e7\u00e3o de um novo programa para ampliar a aten\u00e7\u00e3o prim\u00e1ria&#8221; e que est\u00e1 discutindo &#8220;alternativas para o exerc\u00edcio profissional&#8221; dos m\u00e9dicos de Cuba.<\/p>\n\n\n\n<p><strong>Cronologia do Mais M\u00e9dicos<\/strong><\/p>\n\n\n\n<p>O programa Mais M\u00e9dicos foi criado em julho de 2013 pelo governo federal para fixar profissionais em regi\u00f5es mal atendidas. Em novembro de 2018, ap\u00f3s a vit\u00f3ria de Jair Bolsonaro nas elei\u00e7\u00f5es, Cuba anunciou sua sa\u00edda do programa, citando declara\u00e7\u00f5es &#8216;amea\u00e7adoras&#8217; de Bolsonaro.<\/p>\n\n\n\n<p>Em agosto, ainda em campanha, Bolsonaro declarou que ele &#8220;expulsaria&#8221; os m\u00e9dicos cubanos do Brasil. A promessa tamb\u00e9m estava em seu plano de governo.<\/p>\n\n\n\n<p>Ainda em novembro de 2018, governo Michel Temer publicou um edital com 8.517 vagas para o programa, ofertadas a m\u00e9dicos com registro no Conselho Regional de Medicina do Brasil.<\/p>\n\n\n\n<p>O Minist\u00e9rio da Sa\u00fade disse, em fevereiro, que todas as vagas dispon\u00edveis haviam sido preenchidas. No entanto, cerca de 19% dos m\u00e9dicos brasileiros que entraram no Mais M\u00e9dicos desistiram de participar do programa at\u00e9 o m\u00eas de maio.<\/p>\n\n\n\n<p>Em dezembro de 2018, um segundo edital foi lan\u00e7ado para preencher 1.397 vagas remanescentes com brasileiros formados no exterior. No come\u00e7o de mar\u00e7o de 2019, esses m\u00e9dicos sem diploma brasileiro iniciaram a fase de acolhimento obrigat\u00f3ria. No in\u00edcio de maio de 2018, um terceiro edital foi lan\u00e7ado com 2.000 vagas para munic\u00edpios vulner\u00e1veis.<\/p>\n","protected":false},"excerpt":{"rendered":"<p>O ministro da Sa\u00fade, Luiz Henrique Mandetta, afirmou na tarde de sexta-feira (26) que o programa que vai rever o Mais M\u00e9dicos ser\u00e1 lan\u00e7ado ainda&hellip; <\/p>\n","protected":false},"author":1,"featured_media":73707,"comment_status":"closed","ping_status":"closed","sticky":false,"template":"","format":"standard","meta":{"sfsi_plus_gutenberg_text_before_share":"","sfsi_plus_gutenberg_show_text_before_share":"","sfsi_plus_gutenberg_icon_type":"","sfsi_plus_gutenberg_icon_alignemt":"","sfsi_plus_gutenburg_max_per_row":"","footnotes":""},"categories":[16],"tags":[],"class_list":["post-107026","post","type-post","status-publish","format-standard","has-post-thumbnail","hentry","category-saude"],"_links":{"self":[{"href":"https:\/\/www.caririemacao.com\/1\/wp-json\/wp\/v2\/posts\/107026","targetHints":{"allow":["GET"]}}],"collection":[{"href":"https:\/\/www.caririemacao.com\/1\/wp-json\/wp\/v2\/posts"}],"about":[{"href":"https:\/\/www.caririemacao.com\/1\/wp-json\/wp\/v2\/types\/post"}],"author":[{"embeddable":true,"href":"https:\/\/www.caririemacao.com\/1\/wp-json\/wp\/v2\/users\/1"}],"replies":[{"embeddable":true,"href":"https:\/\/www.caririemacao.com\/1\/wp-json\/wp\/v2\/comments?post=107026"}],"version-history":[{"count":1,"href":"https:\/\/www.caririemacao.com\/1\/wp-json\/wp\/v2\/posts\/107026\/revisions"}],"predecessor-version":[{"id":107027,"href":"https:\/\/www.caririemacao.com\/1\/wp-json\/wp\/v2\/posts\/107026\/revisions\/107027"}],"wp:featuredmedia":[{"embeddable":true,"href":"https:\/\/www.caririemacao.com\/1\/wp-json\/wp\/v2\/media\/73707"}],"wp:attachment":[{"href":"https:\/\/www.caririemacao.com\/1\/wp-json\/wp\/v2\/media?parent=107026"}],"wp:term":[{"taxonomy":"category","embeddable":true,"href":"https:\/\/www.caririemacao.com\/1\/wp-json\/wp\/v2\/categories?post=107026"},{"taxonomy":"post_tag","embeddable":true,"href":"https:\/\/www.caririemacao.com\/1\/wp-json\/wp\/v2\/tags?post=107026"}],"curies":[{"name":"wp","href":"https:\/\/api.w.org\/{rel}","templated":true}]}}