{"id":107031,"date":"2019-07-27T10:23:22","date_gmt":"2019-07-27T13:23:22","guid":{"rendered":"http:\/\/www.caririemacao.com\/1\/?p=107031"},"modified":"2019-07-27T10:23:22","modified_gmt":"2019-07-27T13:23:22","slug":"em-live-bolsonaro-defende-fim-dos-cursos-nas-autoescolas","status":"publish","type":"post","link":"https:\/\/www.caririemacao.com\/1\/2019\/07\/27\/em-live-bolsonaro-defende-fim-dos-cursos-nas-autoescolas\/","title":{"rendered":"Em live, Bolsonaro defende fim dos cursos nas autoescolas"},"content":{"rendered":"\n<p>O presidente da Rep\u00fablica, Jair Bolsonaro, defendeu nesta quinta-feira (25) o fim dos cursos de forma\u00e7\u00e3o para novos motoristas. &#8220;Eu acho que nem deveria ter exame de nada. Voc\u00ea faz uma parte escrita e vai para a pr\u00e1tica, nem precisa cursar em autoescola&#8221;, sugeriu em sua live semanal, transmitida pela internet.<\/p>\n\n\n\n<p>Bolsonaro afirmou que aprendeu a guiar quando ainda era crian\u00e7a, sem curso algum. &#8220;Com 10 anos de idade eu estava dirigindo trator na fazenda em Eldorado Paulista (SP).&#8221; O presidente admitiu, no entanto, que essa \u00e9 apenas uma ideia, que ficar\u00e1 para &#8220;um segundo momento&#8221; em sua inten\u00e7\u00e3o de reduzir o custo da carteira de motorista.<\/p>\n\n\n\n<p>Na pr\u00e1tica, ele j\u00e1 pediu, via projeto de lei que ser\u00e1 analisado pela C\u00e2mara dos Deputados e pelo Senado Federal, o fim dos simuladores. Segundo o ministro da Infraestrutura, Tarc\u00edsio de Freitas, as m\u00e1quinas de simula\u00e7\u00e3o das autoescolas, que passam a ser opcionais aos aspirantes a motoristas, elevam o pre\u00e7o do documento em 15% (cerca de R$ 300).<\/p>\n\n\n\n<p>Tamb\u00e9m quer a amplia\u00e7\u00e3o da validade da CNH (carteira nacional de habilita\u00e7\u00e3o) de 5 para 10 anos para adultos, e de 2,5 anos para 5 anos para os idosos. Al\u00e9m do aumento do limite de pontos para cassa\u00e7\u00e3o da carteira, que dobrar\u00e1 de 20 para 40 pontos.<\/p>\n\n\n\n<p>Outro objetivo do governo \u00e9 tirar a multa para pais que n\u00e3o utilizam a cadeirinha para crian\u00e7as em seus carros. &#8220;Criaram uma pol\u00eamica com isso dizendo que eu tinha afrouxado a lei, mas na verdade eu inclui a puni\u00e7\u00e3o de tr\u00eas pontos na carteira, que n\u00e3o existia&#8221;, afirmou durante a live.<\/p>\n\n\n\n<p>Bolsonaro aproveitu o v\u00eddeo ao vivo para pedir uma ajuda do Congresso Nacional ao citar outra flexibiliza\u00e7\u00e3o, a de acabar com a obrigatoriedade de exames m\u00e9dicos em cl\u00ednicas conveniadas com os Detrans.&nbsp; &#8220;No projeto nosso voc\u00ea pode ter esse atestado com teu irm\u00e3o, com teu pai, com o vizinho, com qualquer m\u00e9dico&#8221;, explicou. &#8220;Espero que a C\u00e2mara n\u00e3o mexa nisso. Pelo contr\u00e1rio, aprove e at\u00e9 inclua mais coisas. Afinal 513 pessoas mais 81 no Senado t\u00eam cabe\u00e7as para sugerir mais medidas para que fique mais barato isso a\u00ed&#8221;, declarou.<\/p>\n","protected":false},"excerpt":{"rendered":"<p>O presidente da Rep\u00fablica, Jair Bolsonaro, defendeu nesta quinta-feira (25) o fim dos cursos de forma\u00e7\u00e3o para novos motoristas. &#8220;Eu acho que nem deveria ter&hellip; <\/p>\n","protected":false},"author":1,"featured_media":105823,"comment_status":"closed","ping_status":"closed","sticky":false,"template":"","format":"standard","meta":{"sfsi_plus_gutenberg_text_before_share":"","sfsi_plus_gutenberg_show_text_before_share":"","sfsi_plus_gutenberg_icon_type":"","sfsi_plus_gutenberg_icon_alignemt":"","sfsi_plus_gutenburg_max_per_row":"","footnotes":""},"categories":[11],"tags":[],"class_list":["post-107031","post","type-post","status-publish","format-standard","has-post-thumbnail","hentry","category-politica"],"_links":{"self":[{"href":"https:\/\/www.caririemacao.com\/1\/wp-json\/wp\/v2\/posts\/107031","targetHints":{"allow":["GET"]}}],"collection":[{"href":"https:\/\/www.caririemacao.com\/1\/wp-json\/wp\/v2\/posts"}],"about":[{"href":"https:\/\/www.caririemacao.com\/1\/wp-json\/wp\/v2\/types\/post"}],"author":[{"embeddable":true,"href":"https:\/\/www.caririemacao.com\/1\/wp-json\/wp\/v2\/users\/1"}],"replies":[{"embeddable":true,"href":"https:\/\/www.caririemacao.com\/1\/wp-json\/wp\/v2\/comments?post=107031"}],"version-history":[{"count":1,"href":"https:\/\/www.caririemacao.com\/1\/wp-json\/wp\/v2\/posts\/107031\/revisions"}],"predecessor-version":[{"id":107032,"href":"https:\/\/www.caririemacao.com\/1\/wp-json\/wp\/v2\/posts\/107031\/revisions\/107032"}],"wp:featuredmedia":[{"embeddable":true,"href":"https:\/\/www.caririemacao.com\/1\/wp-json\/wp\/v2\/media\/105823"}],"wp:attachment":[{"href":"https:\/\/www.caririemacao.com\/1\/wp-json\/wp\/v2\/media?parent=107031"}],"wp:term":[{"taxonomy":"category","embeddable":true,"href":"https:\/\/www.caririemacao.com\/1\/wp-json\/wp\/v2\/categories?post=107031"},{"taxonomy":"post_tag","embeddable":true,"href":"https:\/\/www.caririemacao.com\/1\/wp-json\/wp\/v2\/tags?post=107031"}],"curies":[{"name":"wp","href":"https:\/\/api.w.org\/{rel}","templated":true}]}}