{"id":107037,"date":"2019-07-27T10:38:24","date_gmt":"2019-07-27T13:38:24","guid":{"rendered":"http:\/\/www.caririemacao.com\/1\/?p=107037"},"modified":"2019-07-27T10:38:24","modified_gmt":"2019-07-27T13:38:24","slug":"policia-civil-identifica-autores-dos-arrombamentos-a-estabelecimentos-comerciais-que-ocorreram-na-regiao-do-cariri","status":"publish","type":"post","link":"https:\/\/www.caririemacao.com\/1\/2019\/07\/27\/policia-civil-identifica-autores-dos-arrombamentos-a-estabelecimentos-comerciais-que-ocorreram-na-regiao-do-cariri\/","title":{"rendered":"Pol\u00edcia Civil identifica autores dos arrombamentos a estabelecimentos comerciais que ocorreram na regi\u00e3o do Cariri"},"content":{"rendered":"\n<p>A Pol\u00edcia Civil por meio do Grupo T\u00e1tico Especial \u2013 GTE\/14 DSPC-MONTEIRO identificou dois suspeitos do envolvimento nos \u201carrombamentos em s\u00e9rie\u201d ocorridos no \u00faltimo dia 11 de abril 2019 em tr\u00eas cidades do Cariri.<\/p>\n\n\n\n<p>A s\u00e9rie de assaltos ocorreram nos munic\u00edpios de Serra Branca, Ouro Velho, Prata e os alvos foram os estabelecimentos comerciais, como a Rede de Farm\u00e1cias Ideal, uma Loja de Confec\u00e7\u00f5es e uma Loja\/Departamento de venda de Eletrodom\u00e9sticos, localizados nas respectivas localidades.<\/p>\n\n\n\n<p>Os campinenses, Ruan Francisco da Silva, de 25 anos, e John Lennon Vieira Santos, de 20 anos, ainda acompanhados de um terceiro (ainda n\u00e3o identificado), utilizando-se de ve\u00edculo Palio Weekend, de cor branca, chegaram \u00e0s cidades, durante aquela madrugada e promoveram as a\u00e7\u00f5es delituosas, violando os estabelecimentos e furtando diversos objetos (roupas, itens de perfumaria, dentre outros).<\/p>\n\n\n\n<figure class=\"wp-block-image\"><img decoding=\"async\" data-src=\"http:\/\/deolhonocariri.com.br\/wp-content\/uploads\/2019\/07\/assaltantes.jpg\" alt=\"\" class=\"wp-image-69617 lazyload\" src=\"data:image\/svg+xml;base64,PHN2ZyB3aWR0aD0iMSIgaGVpZ2h0PSIxIiB4bWxucz0iaHR0cDovL3d3dy53My5vcmcvMjAwMC9zdmciPjwvc3ZnPg==\" \/><\/figure>\n\n\n\n<p>Dois dos assaltantes flagrados pelas c\u00e2meras de seguran\u00e7a<\/p>\n\n\n\n<p>O grupo criminoso \u00e9 especializado em ataques a Lojas de confec\u00e7\u00e3o (grifes de luxo\/importantes no mercado) em todo o Nordeste. J\u00e1 tendo realizado a\u00e7\u00f5es, tamb\u00e9m, neste ano, no Estado de Pernambuco.<\/p>\n\n\n\n<p>A Pol\u00edcia Civil (14 DSPC\/MONTEIRO) pede o apoio da popula\u00e7\u00e3o (pelo Disque-den\u00fancia 197), para que denuncie o paradeiro de Ruan Francisco da Silva e John Lennon Vieira Santos.<\/p>\n","protected":false},"excerpt":{"rendered":"<p>A Pol\u00edcia Civil por meio do Grupo T\u00e1tico Especial \u2013 GTE\/14 DSPC-MONTEIRO identificou dois suspeitos do envolvimento nos \u201carrombamentos em s\u00e9rie\u201d ocorridos no \u00faltimo dia&hellip; <\/p>\n","protected":false},"author":1,"featured_media":107038,"comment_status":"closed","ping_status":"closed","sticky":false,"template":"","format":"standard","meta":{"sfsi_plus_gutenberg_text_before_share":"","sfsi_plus_gutenberg_show_text_before_share":"","sfsi_plus_gutenberg_icon_type":"","sfsi_plus_gutenberg_icon_alignemt":"","sfsi_plus_gutenburg_max_per_row":"","footnotes":""},"categories":[50,12],"tags":[],"class_list":["post-107037","post","type-post","status-publish","format-standard","has-post-thumbnail","hentry","category-destaque","category-policia"],"_links":{"self":[{"href":"https:\/\/www.caririemacao.com\/1\/wp-json\/wp\/v2\/posts\/107037","targetHints":{"allow":["GET"]}}],"collection":[{"href":"https:\/\/www.caririemacao.com\/1\/wp-json\/wp\/v2\/posts"}],"about":[{"href":"https:\/\/www.caririemacao.com\/1\/wp-json\/wp\/v2\/types\/post"}],"author":[{"embeddable":true,"href":"https:\/\/www.caririemacao.com\/1\/wp-json\/wp\/v2\/users\/1"}],"replies":[{"embeddable":true,"href":"https:\/\/www.caririemacao.com\/1\/wp-json\/wp\/v2\/comments?post=107037"}],"version-history":[{"count":1,"href":"https:\/\/www.caririemacao.com\/1\/wp-json\/wp\/v2\/posts\/107037\/revisions"}],"predecessor-version":[{"id":107039,"href":"https:\/\/www.caririemacao.com\/1\/wp-json\/wp\/v2\/posts\/107037\/revisions\/107039"}],"wp:featuredmedia":[{"embeddable":true,"href":"https:\/\/www.caririemacao.com\/1\/wp-json\/wp\/v2\/media\/107038"}],"wp:attachment":[{"href":"https:\/\/www.caririemacao.com\/1\/wp-json\/wp\/v2\/media?parent=107037"}],"wp:term":[{"taxonomy":"category","embeddable":true,"href":"https:\/\/www.caririemacao.com\/1\/wp-json\/wp\/v2\/categories?post=107037"},{"taxonomy":"post_tag","embeddable":true,"href":"https:\/\/www.caririemacao.com\/1\/wp-json\/wp\/v2\/tags?post=107037"}],"curies":[{"name":"wp","href":"https:\/\/api.w.org\/{rel}","templated":true}]}}