{"id":107047,"date":"2019-07-27T14:05:10","date_gmt":"2019-07-27T17:05:10","guid":{"rendered":"http:\/\/www.caririemacao.com\/1\/?p=107047"},"modified":"2019-07-27T14:05:10","modified_gmt":"2019-07-27T17:05:10","slug":"prouni-abre-em-5-de-agosto-inscricoes-para-bolsas-de-estudo","status":"publish","type":"post","link":"https:\/\/www.caririemacao.com\/1\/2019\/07\/27\/prouni-abre-em-5-de-agosto-inscricoes-para-bolsas-de-estudo\/","title":{"rendered":"ProUni abre em 5 de agosto inscri\u00e7\u00f5es para bolsas de estudo"},"content":{"rendered":"\n<p>A partir do dia 5 de agosto, estar\u00e3o abertas as inscri\u00e7\u00f5es para as bolsas de estudo que n\u00e3o foram preenchidas no processo seletivo regular do Programa Universidade para Todos (ProUni) do segundo semestre. Ontem&nbsp;(26), o Minist\u00e9rio da Educa\u00e7\u00e3o (MEC) publicou no Di\u00e1rio Oficial da Uni\u00e3o o edital para o preenchimento das bolsas remanescentes do ProUni.<\/p>\n\n\n\n<p>A inscri\u00e7\u00e3o dever\u00e1 ser feita na internet, no site do ProUni. Diferente do processo seletivo regular, que exigia que os participantes tivessem feito o Exame Nacional do Ensino M\u00e9dio (Enem) em 2018, agora o estudante pode ter participado de qualquer uma das edi\u00e7\u00f5es do Enem a partir de 2010.<\/p>\n\n\n\n<p>A nota m\u00ednima, no entanto, continua sendo exigida. O participante precisa ter tirado nota igual ou superior a 450 nas provas e nota maior que zero na reda\u00e7\u00e3o. Podem concorrer \u00e0s vagas tamb\u00e9m os professores da rede p\u00fablica de ensino.<\/p>\n\n\n\n<p>Os candidatos que ainda n\u00e3o est\u00e3o matriculados na institui\u00e7\u00e3o onde desejam estudar devem fazer a inscri\u00e7\u00e3o entre 5 e 16 de agosto. Aqueles que j\u00e1 est\u00e3o matriculados e querem concorrer uma bolsa nessa institui\u00e7\u00e3o devem se inscrever no per\u00edodo de 5 de agosto a 30 de setembro.<\/p>\n\n\n\n<p>Os candidatos que se inscreverem ter\u00e3o dois dias \u00fateis para comparecer \u00e0 institui\u00e7\u00e3o de ensino onde pleiteiam uma bolsa de estudos para comprovar as informa\u00e7\u00f5es prestadas na hora da inscri\u00e7\u00e3o.<\/p>\n\n\n\n<p><strong>ProUni<\/strong><\/p>\n\n\n\n<p>Ao todo, foram ofertadas para o segundo semestre deste ano 169.226 bolsas de estudos em institui\u00e7\u00f5es particulares de ensino superior, sendo 68.087 bolsas integrais, de 100% do valor da mensalidade, e 101.139 parciais, que cobrem 50% do valor da mensalidade.<\/p>\n\n\n\n<p>As bolsas integrais s\u00e3o destinadas a estudantes com renda familiar bruta per capita de at\u00e9 um e meio sal\u00e1rio m\u00ednimo. As bolsas parciais contemplam os candidatos que t\u00eam renda familiar bruta per capita de at\u00e9 tr\u00eas sal\u00e1rios m\u00ednimos.<\/p>\n\n\n\n<p>O processo seletivo regular come\u00e7ou em junho deste ano. Foram realizadas duas chamadas al\u00e9m de lista de espera.<\/p>\n","protected":false},"excerpt":{"rendered":"<p>A partir do dia 5 de agosto, estar\u00e3o abertas as inscri\u00e7\u00f5es para as bolsas de estudo que n\u00e3o foram preenchidas no processo seletivo regular do&hellip; <\/p>\n","protected":false},"author":1,"featured_media":59541,"comment_status":"closed","ping_status":"closed","sticky":false,"template":"","format":"standard","meta":{"sfsi_plus_gutenberg_text_before_share":"","sfsi_plus_gutenberg_show_text_before_share":"","sfsi_plus_gutenberg_icon_type":"","sfsi_plus_gutenberg_icon_alignemt":"","sfsi_plus_gutenburg_max_per_row":"","footnotes":""},"categories":[14],"tags":[],"class_list":["post-107047","post","type-post","status-publish","format-standard","has-post-thumbnail","hentry","category-educacao"],"_links":{"self":[{"href":"https:\/\/www.caririemacao.com\/1\/wp-json\/wp\/v2\/posts\/107047","targetHints":{"allow":["GET"]}}],"collection":[{"href":"https:\/\/www.caririemacao.com\/1\/wp-json\/wp\/v2\/posts"}],"about":[{"href":"https:\/\/www.caririemacao.com\/1\/wp-json\/wp\/v2\/types\/post"}],"author":[{"embeddable":true,"href":"https:\/\/www.caririemacao.com\/1\/wp-json\/wp\/v2\/users\/1"}],"replies":[{"embeddable":true,"href":"https:\/\/www.caririemacao.com\/1\/wp-json\/wp\/v2\/comments?post=107047"}],"version-history":[{"count":1,"href":"https:\/\/www.caririemacao.com\/1\/wp-json\/wp\/v2\/posts\/107047\/revisions"}],"predecessor-version":[{"id":107048,"href":"https:\/\/www.caririemacao.com\/1\/wp-json\/wp\/v2\/posts\/107047\/revisions\/107048"}],"wp:featuredmedia":[{"embeddable":true,"href":"https:\/\/www.caririemacao.com\/1\/wp-json\/wp\/v2\/media\/59541"}],"wp:attachment":[{"href":"https:\/\/www.caririemacao.com\/1\/wp-json\/wp\/v2\/media?parent=107047"}],"wp:term":[{"taxonomy":"category","embeddable":true,"href":"https:\/\/www.caririemacao.com\/1\/wp-json\/wp\/v2\/categories?post=107047"},{"taxonomy":"post_tag","embeddable":true,"href":"https:\/\/www.caririemacao.com\/1\/wp-json\/wp\/v2\/tags?post=107047"}],"curies":[{"name":"wp","href":"https:\/\/api.w.org\/{rel}","templated":true}]}}