{"id":107054,"date":"2019-07-27T14:08:37","date_gmt":"2019-07-27T17:08:37","guid":{"rendered":"http:\/\/www.caririemacao.com\/1\/?p=107054"},"modified":"2019-07-27T14:08:37","modified_gmt":"2019-07-27T17:08:37","slug":"abertas-inscricoes-para-professores-do-pronatec-na-paraiba","status":"publish","type":"post","link":"https:\/\/www.caririemacao.com\/1\/2019\/07\/27\/abertas-inscricoes-para-professores-do-pronatec-na-paraiba\/","title":{"rendered":"Abertas inscri\u00e7\u00f5es para professores do Pronatec na Para\u00edba"},"content":{"rendered":"\n<p>Foi lan\u00e7ado o edital do processo seletivo para professores do Programa Nacional de Acesso ao Ensino T\u00e9cnico e Emprego (PRONATEC), na Para\u00edba. As inscri\u00e7\u00f5es poder\u00e3o ser feitas no&nbsp;<a href=\"https:\/\/sites.google.com\/see.pb.gov.br\/pbtec-pb\">site do PBTec<\/a>, a partir deste s\u00e1bado (27) at\u00e9 o dia 1\u00ba de agosto.<\/p>\n\n\n\n<p>Os professores convocados receber\u00e3o bolsas de remunera\u00e7\u00e3o com pagamentos de hora\/aula que variam de R$ 35 a R$50, dependendo do n\u00edvel de forma\u00e7\u00e3o.<\/p>\n\n\n\n<figure class=\"wp-block-image\"><img decoding=\"async\" data-src=\"https:\/\/www.clickpb.com.br\/media\/filer_public\/0c\/70\/0c709fa6-d27a-43b8-b1f5-2ae8b6bce658\/pagamento_pronatec_pb_professores.png\" alt=\"\" src=\"data:image\/svg+xml;base64,PHN2ZyB3aWR0aD0iMSIgaGVpZ2h0PSIxIiB4bWxucz0iaHR0cDovL3d3dy53My5vcmcvMjAwMC9zdmciPjwvc3ZnPg==\" class=\"lazyload\" \/><\/figure>\n\n\n\n<p>A rela\u00e7\u00e3o de inscritos ser\u00e1 divulgada j\u00e1 no dia 2 de agosto. O resultado preliminar da avalia\u00e7\u00e3o curricular ser\u00e1 exposto no dia 9 de agosto. Os candidatos poder\u00e3o interpor recursos no dia 12 de julho.<\/p>\n\n\n\n<p>O resultado da interposi\u00e7\u00e3o de recurso e o resultado final do processo seletivo ser\u00e3o divulgados j\u00e1 no dia 16 de agosto.<\/p>\n\n\n\n<p>Todas as informa\u00e7\u00f5es sobre a sele\u00e7\u00e3o de professores para o PRONATEC na Para\u00edba est\u00e3o dispon\u00edveis no edital publicado na edi\u00e7\u00e3o deste dia 27 do&nbsp;<a href=\"https:\/\/www.clickpb.com.br\/media\/filer_public\/7b\/ab\/7babb662-0c1f-445c-9152-db07b2d03085\/diario_oficial_27-07-2019_total.pdf\">Di\u00e1rio Oficial do Estado (DOE), a partir da p\u00e1gina 8<\/a>,&nbsp;e no&nbsp;<a href=\"https:\/\/sites.google.com\/see.pb.gov.br\/pbtec-pb\">site do PBTec<\/a>.<\/p>\n\n\n\n<figure class=\"wp-block-image\"><img decoding=\"async\" data-src=\"https:\/\/www.clickpb.com.br\/media\/filer_public\/10\/b0\/10b0798a-392a-4455-87d9-2b6efe55b0af\/pronatec_pb_professores_edital_cronograma_270719_doe.png\" alt=\"\" src=\"data:image\/svg+xml;base64,PHN2ZyB3aWR0aD0iMSIgaGVpZ2h0PSIxIiB4bWxucz0iaHR0cDovL3d3dy53My5vcmcvMjAwMC9zdmciPjwvc3ZnPg==\" class=\"lazyload\" \/><\/figure>\n\n\n\n<p><strong>O PRONATEC<\/strong><\/p>\n\n\n\n<p>O Programa Nacional de Acesso ao Ensino T\u00e9cnico e Emprego (PRONATEC) tem como objetivo expandir, interiorizar e democratizar a oferta de Cursos T\u00e9cnicos de N\u00edvel M\u00e9dio e de Cursos de Forma\u00e7\u00e3o Inicial e Continuada (FIC) para trabalhadores e estudantes, visando a expans\u00e3o da Educa\u00e7\u00e3o Profissional e Tecnol\u00f3gica no Estado.<\/p>\n","protected":false},"excerpt":{"rendered":"<p>Foi lan\u00e7ado o edital do processo seletivo para professores do Programa Nacional de Acesso ao Ensino T\u00e9cnico e Emprego (PRONATEC), na Para\u00edba. As inscri\u00e7\u00f5es poder\u00e3o&hellip; <\/p>\n","protected":false},"author":1,"featured_media":89610,"comment_status":"closed","ping_status":"closed","sticky":false,"template":"","format":"standard","meta":{"sfsi_plus_gutenberg_text_before_share":"","sfsi_plus_gutenberg_show_text_before_share":"","sfsi_plus_gutenberg_icon_type":"","sfsi_plus_gutenberg_icon_alignemt":"","sfsi_plus_gutenburg_max_per_row":"","footnotes":""},"categories":[50,14],"tags":[],"class_list":["post-107054","post","type-post","status-publish","format-standard","has-post-thumbnail","hentry","category-destaque","category-educacao"],"_links":{"self":[{"href":"https:\/\/www.caririemacao.com\/1\/wp-json\/wp\/v2\/posts\/107054","targetHints":{"allow":["GET"]}}],"collection":[{"href":"https:\/\/www.caririemacao.com\/1\/wp-json\/wp\/v2\/posts"}],"about":[{"href":"https:\/\/www.caririemacao.com\/1\/wp-json\/wp\/v2\/types\/post"}],"author":[{"embeddable":true,"href":"https:\/\/www.caririemacao.com\/1\/wp-json\/wp\/v2\/users\/1"}],"replies":[{"embeddable":true,"href":"https:\/\/www.caririemacao.com\/1\/wp-json\/wp\/v2\/comments?post=107054"}],"version-history":[{"count":1,"href":"https:\/\/www.caririemacao.com\/1\/wp-json\/wp\/v2\/posts\/107054\/revisions"}],"predecessor-version":[{"id":107055,"href":"https:\/\/www.caririemacao.com\/1\/wp-json\/wp\/v2\/posts\/107054\/revisions\/107055"}],"wp:featuredmedia":[{"embeddable":true,"href":"https:\/\/www.caririemacao.com\/1\/wp-json\/wp\/v2\/media\/89610"}],"wp:attachment":[{"href":"https:\/\/www.caririemacao.com\/1\/wp-json\/wp\/v2\/media?parent=107054"}],"wp:term":[{"taxonomy":"category","embeddable":true,"href":"https:\/\/www.caririemacao.com\/1\/wp-json\/wp\/v2\/categories?post=107054"},{"taxonomy":"post_tag","embeddable":true,"href":"https:\/\/www.caririemacao.com\/1\/wp-json\/wp\/v2\/tags?post=107054"}],"curies":[{"name":"wp","href":"https:\/\/api.w.org\/{rel}","templated":true}]}}