{"id":107071,"date":"2019-07-27T14:28:28","date_gmt":"2019-07-27T17:28:28","guid":{"rendered":"http:\/\/www.caririemacao.com\/1\/?p=107071"},"modified":"2019-07-27T14:28:45","modified_gmt":"2019-07-27T17:28:45","slug":"oms-brasil-e-exemplo-para-o-mundo-no-combate-ao-tabagismo","status":"publish","type":"post","link":"https:\/\/www.caririemacao.com\/1\/2019\/07\/27\/oms-brasil-e-exemplo-para-o-mundo-no-combate-ao-tabagismo\/","title":{"rendered":"OMS: Brasil \u00e9 exemplo para o mundo no combate ao tabagismo"},"content":{"rendered":"\n<p><br>O Brasil e a Turquia s\u00e3o os dois \u00fanicos pa\u00edses, dentre as 171 na\u00e7\u00f5es que aderiram \u00e0s medidas globais da Organiza\u00e7\u00e3o Mundial da Sa\u00fade (OMS), que implementaram a\u00e7\u00f5es governamentais de sucesso para a redu\u00e7\u00e3o do consumo de tabaco. O resultado est\u00e1 no 7\u00ba Relat\u00f3rio da OMS sobre a Epidemia Mundial do Tabaco, divulgado nesta sexta-feira (26), no Rio de Janeiro.<\/p>\n\n\n\n<p>O relat\u00f3rio tem foco nos progressos feitos pelos pa\u00edses para ajudarem as pessoas a deixar de fumar. Na avalia\u00e7\u00e3o do \u00f3rg\u00e3o, o Brasil, na segunda posi\u00e7\u00e3o, \u00e9 exemplo para o mundo no combate ao tabagismo.<\/p>\n\n\n\n<p>O ministro da Sa\u00fade, Luiz Henrique Mandetta, disse que, sem decis\u00e3o pol\u00edtica e parcerias no Senado e na C\u00e2mara Federal, as pol\u00edticas de combate ao tabagismo acabam chegando, mas levam mais tempo para serem aplicadas. Ele lembrou que o in\u00edcio do movimento contra o consumo de tabaco come\u00e7ou no Rio de Janeiro e o Brasil agora \u201cpode exportar um comportamento muito mais de vanguarda, ligado ao amanh\u00e3, e que se trata de combater o tabagismo\u201d.<\/p>\n\n\n\n<p>Segundo Mandetta, a ideia \u00e9 colocar nos planos de sa\u00fade o combate ao consumo de tabaco. \u201cN\u00f3s queremos ser o primeiro pa\u00eds do mundo livre do tabaco. Depende de n\u00f3s\u201d. O ministro espera que neste s\u00e9culo 21, todas as na\u00e7\u00f5es caminhem nessa mesma dire\u00e7\u00e3o.<\/p>\n\n\n\n<p><strong>Queda do consumo<\/strong><\/p>\n\n\n\n<p>Brasil e Turquia se tornaram refer\u00eancias internacionais no combate ao tabagismo, tendo alcan\u00e7ado o mais alto n\u00edvel das seis medidas Mpower (plano para reverter a epidemia do tabaco) de controle do tabaco. S\u00e3o elas: monitorar o uso do tabaco e as pol\u00edticas de preven\u00e7\u00e3o; proteger as pessoas contra o tabagismo; oferecer ajuda para parar de fumar; avisar sobre os perigos do tabaco; aplicar proibi\u00e7\u00f5es \u00e0 publicidade, promo\u00e7\u00e3o e patroc\u00ednio do tabaco; e aumentar os impostos sobre o tabaco.<\/p>\n\n\n\n<p>De acordo com o Sistema de Vigil\u00e2ncia de Fatores de Risco e Prote\u00e7\u00e3o para Doen\u00e7as Cr\u00f4nicas por Inqu\u00e9rito Telef\u00f4nico (Vigitel), 9,3% dos brasileiros afirmaram ter o h\u00e1bito de fumar, em 2018, contra 15,7%, em 2006, ano em que a pesquisa come\u00e7ou a ser feita. A tend\u00eancia, segundo o minist\u00e9rio, \u00e9 de redu\u00e7\u00e3o constante desse h\u00e1bito no pa\u00eds.<\/p>\n\n\n\n<figure class=\"wp-block-image\"><img decoding=\"async\" data-src=\"https:\/\/paraibaonline.com.br\/wp-content\/uploads\/2019\/07\/cigarro-1-567x378.jpg\" alt=\"Foto: Banco Mundial\/ONU\" class=\"wp-image-754277 lazyload\" src=\"data:image\/svg+xml;base64,PHN2ZyB3aWR0aD0iMSIgaGVpZ2h0PSIxIiB4bWxucz0iaHR0cDovL3d3dy53My5vcmcvMjAwMC9zdmciPjwvc3ZnPg==\" style=\"--smush-placeholder-width: 567px; --smush-placeholder-aspect-ratio: 567\/378;\" \/><\/figure>\n\n\n\n<p>Foto: Banco Mundial\/ONU<\/p>\n\n\n\n<p>Nos \u00faltimos 13 anos, a popula\u00e7\u00e3o entrevistada diminuiu em 40% o consumo do tabaco. A pesquisa revela ainda que o consumo vem caindo em todas as faixas et\u00e1rias: de 18 a 24 anos de idade (12% em 2006 e 6,7%, em 2018), 35 e 44 anos (18,5% em 2006 e 9,1% em 2018); e entre 45 a 54 anos (22,6% em 2006 e 11,1% em 2018). Entre as mulheres, a redu\u00e7\u00e3o do h\u00e1bito de fumar alcan\u00e7ou 44%.<\/p>\n\n\n\n<p>Dados do Minist\u00e9rio da Sa\u00fade mostram que os esfor\u00e7os governamentais para o fim do h\u00e1bito de fumar no Brasil tiveram in\u00edcio nos anos de 1990 quando profissionais dos estados e munic\u00edpios foram capacitados pelo Instituto Nacional de C\u00e2ncer Jos\u00e9 de Alencar Gomes da Silva (Inca) para tratar pacientes no Sistema \u00danico de Sa\u00fade (SUS) em mais de 4 mil unidades de sa\u00fade espalhadas pelo pa\u00eds.<\/p>\n\n\n\n<p>O SUS oferece tratamento gratuito para quem deseja parar de fumar, incluindo o medicamento bupropiona, adesivos e gomas de mascar (terapia de reposi\u00e7\u00e3o de nicotina). Em 2018, foram tratadas mais de 134 mil pessoas.<\/p>\n\n\n\n<p>Segundo o Inca, quase 1,6 milh\u00e3o de brasileiros fizeram o tratamento para parar de fumar na rede p\u00fablica de sa\u00fade, entre os anos de 2005 e 2016. Outro ponto que contribuiu para a redu\u00e7\u00e3o do consumo de tabaco no Brasil foi a cria\u00e7\u00e3o de um servi\u00e7o telef\u00f4nico gratuito e nacional para a popula\u00e7\u00e3o tirar d\u00favidas, o Disque Sa\u00fade 136. No Brasil, os impostos cobrados sobre os produtos de tabaco chegaram a 83%, em 2018, contra 57%, em 2008.<\/p>\n\n\n\n<p>O ato de fumar foi proibido em locais fechados, p\u00fablicos e privados, pela Lei 12.546\/2011; as mensagens nas embalagens dos cigarros tornaram-se mais impactantes com o passar dos anos; a publicidade do tabaco foi proibida nos meios de comunica\u00e7\u00e3o e o patroc\u00ednio de marcas de cigarro foi vetada em eventos culturais e esportivos. No ano passado, o Brasil assumiu o compromisso de ajudar a extinguir o com\u00e9rcio il\u00edcito de produtos de tabaco, durante a 42\u00aa Reuni\u00e3o de Ministros da Sa\u00fade do Mercosul.<\/p>\n\n\n\n<p><strong>Cigarros eletr\u00f4nicos<\/strong><\/p>\n\n\n\n<p>A OMS alerta, em particular, para a necessidade de se regular os cigarros aquecidos e os cigarros eletr\u00f4nicos, porque considera que al\u00e9m de prejudiciais para a sa\u00fade, esses produtos podem servir de porta de entrada para o v\u00edcio de fumar entre os jovens, principalmente, e para outros v\u00edcios.<\/p>\n\n\n\n<p>Segundo o relat\u00f3rio da OMS, muitos governos t\u00eam alcan\u00e7ado progressos significativos na luta contra o tabaco. Hoje, 5 bilh\u00f5es de pessoas vivem em pa\u00edses que implementaram medidas de controle do tabaco, n\u00famero quatro vezes maior do que h\u00e1 dez anos. Apesar disso, muitas na\u00e7\u00f5es ainda n\u00e3o aplicam de modo conveniente pol\u00edticas capazes de ajudar as pessoas que querem deixar de fumar e salvar vidas.<\/p>\n\n\n\n<p>Nos pa\u00edses que oferecem atualmente servi\u00e7os completos de cessa\u00e7\u00e3o do tabagismo vivem 2,4 bilh\u00f5es de pessoas, n\u00famero superior em 2 bilh\u00f5es ao que havia em 2007.<\/p>\n\n\n\n<p>O relat\u00f3rio da OMS mostra que o maior crescimento, em termos de quantidade de pessoas beneficiadas foi registrado na \u00e1rea de aumento de impostos do tabaco. A cobertura populacional subiu de 8% em 2016, para 14%, em 2018. Entretanto, o aumento de impostos continua a ser a pol\u00edtica Mpower de menor cobertura populacional. O documento revela que 59 pa\u00edses ainda n\u00e3o implementaram nenhuma medida Mpower em seu mais alto n\u00edvel, dos quais 49 s\u00e3o pa\u00edses de baixa e m\u00e9dia renda.<\/p>\n\n\n\n<p>A OMS contabiliza que existe 1,1 bilh\u00e3o de fumantes em todo o mundo. Oito de cada dez pessoas que fumam moram em pa\u00edses de renda baixa, o que pode agrava os custos para a sa\u00fade com doen\u00e7as relacionadas ao h\u00e1bito. A organiza\u00e7\u00e3o calcula que 8 milh\u00f5es de pessoas morram por causa do consumo do tabaco. A popula\u00e7\u00e3o mundial atingiu 7,6 bilh\u00f5es em 2017.<\/p>\n\n\n\n<p><strong>C\u00e2ncer<\/strong><\/p>\n\n\n\n<p>O tabagismo \u00e9 a principal causa de c\u00e2ncer de pulm\u00e3o no mundo. No Brasil, \u00e9 a segunda causa mais frequente. O Inca estima que at\u00e9 o final deste ano, ser\u00e3o registrados 31.270 novos casos de c\u00e2ncer de traqueia, br\u00f4nquio e pulm\u00e3o no Brasil, em fun\u00e7\u00e3o do tabagismo, sendo 18.740 em homens e 12.530 em mulheres. Al\u00e9m das 27.833 pessoas que morreram em 2017 em decorr\u00eancia do tabagismo, o h\u00e1bito de fumar resulta em outras consequ\u00eancias.<\/p>\n\n\n\n<p>N\u00fameros do INCA mostram que, em 2015, o uso do tabaco teve rela\u00e7\u00e3o direta com as mortes por doen\u00e7as card\u00edacas (34.999); doen\u00e7a pulmonar obstrutiva cr\u00f4nica \u2013 DPOC (31.120); outros c\u00e2nceres (26.651); c\u00e2ncer de pulm\u00e3o (23.762); tabagismo passivo (17.972); pneumonia (10.900) e mortes por acidente vascular cerebral \u2013 AVC (10.812). Os custos diretos associados ao tabagismo somaram, em 2015, R$ 39,4 bilh\u00f5es. Os custos indiretos devido a mortes prematuras e incapacidades atingiram R$ 17,5 bilh\u00f5es<\/p>\n","protected":false},"excerpt":{"rendered":"<p>O Brasil e a Turquia s\u00e3o os dois \u00fanicos pa\u00edses, dentre as 171 na\u00e7\u00f5es que aderiram \u00e0s medidas globais da Organiza\u00e7\u00e3o Mundial da Sa\u00fade (OMS),&hellip; <\/p>\n","protected":false},"author":1,"featured_media":20712,"comment_status":"closed","ping_status":"closed","sticky":false,"template":"","format":"standard","meta":{"sfsi_plus_gutenberg_text_before_share":"","sfsi_plus_gutenberg_show_text_before_share":"","sfsi_plus_gutenberg_icon_type":"","sfsi_plus_gutenberg_icon_alignemt":"","sfsi_plus_gutenburg_max_per_row":"","footnotes":""},"categories":[16],"tags":[],"class_list":["post-107071","post","type-post","status-publish","format-standard","has-post-thumbnail","hentry","category-saude"],"_links":{"self":[{"href":"https:\/\/www.caririemacao.com\/1\/wp-json\/wp\/v2\/posts\/107071","targetHints":{"allow":["GET"]}}],"collection":[{"href":"https:\/\/www.caririemacao.com\/1\/wp-json\/wp\/v2\/posts"}],"about":[{"href":"https:\/\/www.caririemacao.com\/1\/wp-json\/wp\/v2\/types\/post"}],"author":[{"embeddable":true,"href":"https:\/\/www.caririemacao.com\/1\/wp-json\/wp\/v2\/users\/1"}],"replies":[{"embeddable":true,"href":"https:\/\/www.caririemacao.com\/1\/wp-json\/wp\/v2\/comments?post=107071"}],"version-history":[{"count":2,"href":"https:\/\/www.caririemacao.com\/1\/wp-json\/wp\/v2\/posts\/107071\/revisions"}],"predecessor-version":[{"id":107074,"href":"https:\/\/www.caririemacao.com\/1\/wp-json\/wp\/v2\/posts\/107071\/revisions\/107074"}],"wp:featuredmedia":[{"embeddable":true,"href":"https:\/\/www.caririemacao.com\/1\/wp-json\/wp\/v2\/media\/20712"}],"wp:attachment":[{"href":"https:\/\/www.caririemacao.com\/1\/wp-json\/wp\/v2\/media?parent=107071"}],"wp:term":[{"taxonomy":"category","embeddable":true,"href":"https:\/\/www.caririemacao.com\/1\/wp-json\/wp\/v2\/categories?post=107071"},{"taxonomy":"post_tag","embeddable":true,"href":"https:\/\/www.caririemacao.com\/1\/wp-json\/wp\/v2\/tags?post=107071"}],"curies":[{"name":"wp","href":"https:\/\/api.w.org\/{rel}","templated":true}]}}