{"id":107080,"date":"2019-07-27T14:34:27","date_gmt":"2019-07-27T17:34:27","guid":{"rendered":"http:\/\/www.caririemacao.com\/1\/?p=107080"},"modified":"2019-07-27T14:34:27","modified_gmt":"2019-07-27T17:34:27","slug":"bolsonaro-sobre-parentes-em-aeronave-eu-vou-mandar-ir-de-carro","status":"publish","type":"post","link":"https:\/\/www.caririemacao.com\/1\/2019\/07\/27\/bolsonaro-sobre-parentes-em-aeronave-eu-vou-mandar-ir-de-carro\/","title":{"rendered":"Bolsonaro sobre parentes em aeronave: \u2018Eu vou mandar ir de carro"},"content":{"rendered":"\n<p>O presidente Jair Bolsonaro admitiu, neste s\u00e1bado (27), o uso de um helic\u00f3ptero da For\u00e7a A\u00e9rea Brasileira (FAB) por parentes que foram ao casamento de seu filho, o deputado federal Eduardo Bolsonaro (PSL\/SP), no Rio de Janeiro, em maio deste ano.<\/p>\n\n\n\n<p>\u201cEu fui no casamento do meu filho. A minha fam\u00edlia que tinha vindo do Vale do Ribeira estava comigo. Eu vou negar o helic\u00f3ptero e mandar ir de carro? N\u00e3o gastei nada al\u00e9m do que j\u00e1 ia gastar\u201d, disse Bolsonaro a jornalistas, insinuando que tinha direito a dois helic\u00f3pteros.<\/p>\n\n\n\n<p>Bolsonaro n\u00e3o disse se estava no mesmo voo que seus parentes, que aparecem em v\u00eddeo dentro do helic\u00f3ptero, publicado nas redes sociais, como revelou site&nbsp;<em>BR18<\/em>.<\/p>\n\n\n\n<p>\u201cMinha preocupa\u00e7\u00e3o \u00e9 com o Brasil. Se errar, assumo o meu erro e arco com as minhas consequ\u00eancias. At\u00e9 agora pelo que vejo nada errado aconteceu em nenhum momento\u201d, completou o presidente, ap\u00f3s participar de cerim\u00f4nia de formatura de militares paraquedistas na Vila Militar, em Deodoro, zona Oeste do Rio.<\/p>\n\n\n\n<p><strong>MaisPB<\/strong><\/p>\n","protected":false},"excerpt":{"rendered":"<p>O presidente Jair Bolsonaro admitiu, neste s\u00e1bado (27), o uso de um helic\u00f3ptero da For\u00e7a A\u00e9rea Brasileira (FAB) por parentes que foram ao casamento de&hellip; <\/p>\n","protected":false},"author":1,"featured_media":107081,"comment_status":"closed","ping_status":"closed","sticky":false,"template":"","format":"standard","meta":{"sfsi_plus_gutenberg_text_before_share":"","sfsi_plus_gutenberg_show_text_before_share":"","sfsi_plus_gutenberg_icon_type":"","sfsi_plus_gutenberg_icon_alignemt":"","sfsi_plus_gutenburg_max_per_row":"","footnotes":""},"categories":[11],"tags":[],"class_list":["post-107080","post","type-post","status-publish","format-standard","has-post-thumbnail","hentry","category-politica"],"_links":{"self":[{"href":"https:\/\/www.caririemacao.com\/1\/wp-json\/wp\/v2\/posts\/107080","targetHints":{"allow":["GET"]}}],"collection":[{"href":"https:\/\/www.caririemacao.com\/1\/wp-json\/wp\/v2\/posts"}],"about":[{"href":"https:\/\/www.caririemacao.com\/1\/wp-json\/wp\/v2\/types\/post"}],"author":[{"embeddable":true,"href":"https:\/\/www.caririemacao.com\/1\/wp-json\/wp\/v2\/users\/1"}],"replies":[{"embeddable":true,"href":"https:\/\/www.caririemacao.com\/1\/wp-json\/wp\/v2\/comments?post=107080"}],"version-history":[{"count":1,"href":"https:\/\/www.caririemacao.com\/1\/wp-json\/wp\/v2\/posts\/107080\/revisions"}],"predecessor-version":[{"id":107082,"href":"https:\/\/www.caririemacao.com\/1\/wp-json\/wp\/v2\/posts\/107080\/revisions\/107082"}],"wp:featuredmedia":[{"embeddable":true,"href":"https:\/\/www.caririemacao.com\/1\/wp-json\/wp\/v2\/media\/107081"}],"wp:attachment":[{"href":"https:\/\/www.caririemacao.com\/1\/wp-json\/wp\/v2\/media?parent=107080"}],"wp:term":[{"taxonomy":"category","embeddable":true,"href":"https:\/\/www.caririemacao.com\/1\/wp-json\/wp\/v2\/categories?post=107080"},{"taxonomy":"post_tag","embeddable":true,"href":"https:\/\/www.caririemacao.com\/1\/wp-json\/wp\/v2\/tags?post=107080"}],"curies":[{"name":"wp","href":"https:\/\/api.w.org\/{rel}","templated":true}]}}