{"id":107088,"date":"2019-07-28T08:36:13","date_gmt":"2019-07-28T11:36:13","guid":{"rendered":"http:\/\/www.caririemacao.com\/1\/?p=107088"},"modified":"2019-07-28T08:36:13","modified_gmt":"2019-07-28T11:36:13","slug":"prefeito-eden-duarte-realiza-plenaria-do-orcamento-democratico-na-sede-da-associacao-de-terra-vermelha","status":"publish","type":"post","link":"https:\/\/www.caririemacao.com\/1\/2019\/07\/28\/prefeito-eden-duarte-realiza-plenaria-do-orcamento-democratico-na-sede-da-associacao-de-terra-vermelha\/","title":{"rendered":"Prefeito \u00c9den Duarte realiza plen\u00e1ria do Or\u00e7amento Democr\u00e1tico na sede da Associa\u00e7\u00e3o de Terra Vermelha"},"content":{"rendered":"\n<p>O prefeito de Sum\u00e9 \u00c9den Duarte, esteve neste s\u00e1bado (27), participando da plen\u00e1ria do Or\u00e7amento Democr\u00e1tico na sede da Associa\u00e7\u00e3o de Terra Vermelha.<\/p>\n\n\n\n<p>O gestor esteve ao lado do vice-prefeito Dr\u00f3, sua equipe de governo e dos vereadores vereadores Antonio Carlos, Jos\u00e9 Ant\u00f4nio, Daniel Lela e Branco Xiliu.<\/p>\n\n\n\n<p>Na oportunidade as prioridades eleitas foram:<\/p>\n\n\n\n<p>1\u00ba Estradas e Rodagens com 33%<br>2\u00ba Sa\u00fade com 31%<br>3\u00ba Abastecimento de \u00e1gua com 24%<\/p>\n\n\n\n<p>Na oportunidade, o prefeito \u00c9den Duarte, realizou a entrega de um freezer para a Escola Municipal Jo\u00e3o In\u00e1cio na comunidade de Po\u00e7o da Pedra e firmou um conv\u00eanio de presta\u00e7\u00e3o de servi\u00e7o para opera\u00e7\u00e3o, manuten\u00e7\u00e3o e conserva\u00e7\u00e3o do sistema de dessaliniza\u00e7\u00e3o (Programa \u00c1gua Doce), na comunidade rural do Tigre.<\/p>\n","protected":false},"excerpt":{"rendered":"<p>O prefeito de Sum\u00e9 \u00c9den Duarte, esteve neste s\u00e1bado (27), participando da plen\u00e1ria do Or\u00e7amento Democr\u00e1tico na sede da Associa\u00e7\u00e3o de Terra Vermelha. O gestor&hellip; <\/p>\n","protected":false},"author":1,"featured_media":107089,"comment_status":"closed","ping_status":"closed","sticky":false,"template":"","format":"standard","meta":{"sfsi_plus_gutenberg_text_before_share":"","sfsi_plus_gutenberg_show_text_before_share":"","sfsi_plus_gutenberg_icon_type":"","sfsi_plus_gutenberg_icon_alignemt":"","sfsi_plus_gutenburg_max_per_row":"","footnotes":""},"categories":[6,50],"tags":[],"class_list":["post-107088","post","type-post","status-publish","format-standard","has-post-thumbnail","hentry","category-cidades","category-destaque"],"_links":{"self":[{"href":"https:\/\/www.caririemacao.com\/1\/wp-json\/wp\/v2\/posts\/107088","targetHints":{"allow":["GET"]}}],"collection":[{"href":"https:\/\/www.caririemacao.com\/1\/wp-json\/wp\/v2\/posts"}],"about":[{"href":"https:\/\/www.caririemacao.com\/1\/wp-json\/wp\/v2\/types\/post"}],"author":[{"embeddable":true,"href":"https:\/\/www.caririemacao.com\/1\/wp-json\/wp\/v2\/users\/1"}],"replies":[{"embeddable":true,"href":"https:\/\/www.caririemacao.com\/1\/wp-json\/wp\/v2\/comments?post=107088"}],"version-history":[{"count":1,"href":"https:\/\/www.caririemacao.com\/1\/wp-json\/wp\/v2\/posts\/107088\/revisions"}],"predecessor-version":[{"id":107090,"href":"https:\/\/www.caririemacao.com\/1\/wp-json\/wp\/v2\/posts\/107088\/revisions\/107090"}],"wp:featuredmedia":[{"embeddable":true,"href":"https:\/\/www.caririemacao.com\/1\/wp-json\/wp\/v2\/media\/107089"}],"wp:attachment":[{"href":"https:\/\/www.caririemacao.com\/1\/wp-json\/wp\/v2\/media?parent=107088"}],"wp:term":[{"taxonomy":"category","embeddable":true,"href":"https:\/\/www.caririemacao.com\/1\/wp-json\/wp\/v2\/categories?post=107088"},{"taxonomy":"post_tag","embeddable":true,"href":"https:\/\/www.caririemacao.com\/1\/wp-json\/wp\/v2\/tags?post=107088"}],"curies":[{"name":"wp","href":"https:\/\/api.w.org\/{rel}","templated":true}]}}