{"id":107100,"date":"2019-07-28T08:43:14","date_gmt":"2019-07-28T11:43:14","guid":{"rendered":"http:\/\/www.caririemacao.com\/1\/?p=107100"},"modified":"2019-07-28T08:43:14","modified_gmt":"2019-07-28T11:43:14","slug":"treze-encara-globo-em-duelo-direto-para-tentar-se-livrar-da-degola","status":"publish","type":"post","link":"https:\/\/www.caririemacao.com\/1\/2019\/07\/28\/treze-encara-globo-em-duelo-direto-para-tentar-se-livrar-da-degola\/","title":{"rendered":"Treze encara Globo em duelo direto para tentar se livrar da degola"},"content":{"rendered":"\n<p><br>Com previs\u00e3o de chuva para a hora do jogo e gramado muito provavelmente pesado, j\u00e1 que praticamente n\u00e3o estiou em Campina Grande nos \u00faltimos dias, o Treze recebe o Globo-RN logo mais, \u00e0s 16h, no est\u00e1dio Presidente Vargas, para encerrar a 14\u00aa rodada do Grupo A do Campeonato Brasileiro.<\/p>\n\n\n\n<figure class=\"wp-block-image\"><img decoding=\"async\" data-src=\"https:\/\/paraibaonline.com.br\/wp-content\/uploads\/2018\/12\/PV.jpg\" alt=\"\" class=\"wp-image-546412 lazyload\" src=\"data:image\/svg+xml;base64,PHN2ZyB3aWR0aD0iMSIgaGVpZ2h0PSIxIiB4bWxucz0iaHR0cDovL3d3dy53My5vcmcvMjAwMC9zdmciPjwvc3ZnPg==\" \/><\/figure>\n\n\n\n<p>Foto: Ascom \/ Treze FC<\/p>\n\n\n\n<p>Independente das dificuldades, a vit\u00f3ria \u00e9 o \u00fanico resultado que interessa ao Galo. Isso porque se trata do confronto do lanterna da chave contra o primeiro time fora da zona de rebaixamento. Quatro pontos separam as duas equipes na t\u00e1bua de classifica\u00e7\u00e3o.<\/p>\n\n\n\n<p>Somando nove, o Alvinegro do bairro de S\u00e3o Jos\u00e9, que volta a atuar oficialmente no PV ap\u00f3s quase quatro meses, dever\u00e1 contar com duas estreias.<\/p>\n\n\n\n<p>O zagueiro Breno Calixto e o atacante Adauto, apresentados durante a semana, foram regularizados e t\u00eam grandes chances de iniciar a partida.<\/p>\n\n\n\n<p>A informa\u00e7\u00e3o \u00e9 baseada apenas na l\u00f3gica de que ambos foram as \u00faltimas contrata\u00e7\u00f5es do Treze, porque os port\u00f5es do PV seguiram fechados para a imprensa durantes os trabalhos comandados por Kleber Romero.<\/p>\n\n\n\n<p>Os desfalques do treinador ficam por conta do lateral direito Edy, expulso na derrota contra o N\u00e1utico, no domingo passado, assim como o zagueiro Anderson Penna, que recebeu o terceiro cart\u00e3o amarelo.<\/p>\n\n\n\n<p>A expectativa fica por conta do retorno o n\u00e3o do meia Marcelinho Para\u00edba ao time. Capit\u00e3o da equipe, ele foi barrado na rodada passada, por\u00e9m Bismarck, seu substituto, n\u00e3o correspondeu.<\/p>\n\n\n\n<p><strong>Globo-RN<\/strong><\/p>\n\n\n\n<p>Sem desfalques e apostando na boa base do jovem atacante Negueba, de 19 anos, que \u00e9 um dos artilheiros da S\u00e9rie C, com sete gols, o Globo-RN do t\u00e9cnico Higor Cezar desembarcou em Campina Grande pensando em pontuar.<\/p>\n\n\n\n<p>O time de Cear\u00e1-Mirim sabe da import\u00e2ncia de manter os quatro pontos de vantagem em rela\u00e7\u00e3o ao Galo. Por isso, o empate pode ser considerado grande resultado neste domingo.<\/p>\n\n\n\n<p>A tend\u00eancia \u00e9 que o&nbsp; treinador mantenha a escala\u00e7\u00e3o da vit\u00f3ria do final de semana passado, contra o ent\u00e3o l\u00edder Ferrovi\u00e1rio, com Jackinha na lateral esquerda e Max como refer\u00eancia no ataque.<\/p>\n\n\n\n<p><strong>Arbitragem<\/strong><\/p>\n\n\n\n<p>Paulo Henrique Schleich, do Mato Grosso do Sul, apita Treze x Globo-RN. Os tamb\u00e9m sul-mato-grossenses C\u00edcero Alessandro de Souza e Luiz Fernando Viegas Colete ser\u00e3o seus assistentes.<\/p>\n\n\n\n<p><strong>Prov\u00e1veis escala\u00e7\u00f5es<\/strong><\/p>\n\n\n\n<p><strong>Treze<\/strong>: Mauro Iguatu, Thiaguinho, Breno Calixto, Adriano Alves e Silva; Robson, Coppetti, J\u00falio Pacato (Vanger) e Marcelinho Para\u00edba (Bismarck); Adauto e Eduardo. T\u00e9cnico: Kleber Romero.<\/p>\n\n\n\n<p><strong>Globo-RN:<\/strong>&nbsp;Rafael; Glaubinho, Luc\u00e3o, Victor e Jackinha; Ramon, Jardel e Chiclete; Negueba, Bam Bam e Max. T\u00e9cnico: Higor Cesar.<\/p>\n","protected":false},"excerpt":{"rendered":"<p>Com previs\u00e3o de chuva para a hora do jogo e gramado muito provavelmente pesado, j\u00e1 que praticamente n\u00e3o estiou em Campina Grande nos \u00faltimos dias,&hellip; <\/p>\n","protected":false},"author":1,"featured_media":50078,"comment_status":"closed","ping_status":"closed","sticky":false,"template":"","format":"standard","meta":{"sfsi_plus_gutenberg_text_before_share":"","sfsi_plus_gutenberg_show_text_before_share":"","sfsi_plus_gutenberg_icon_type":"","sfsi_plus_gutenberg_icon_alignemt":"","sfsi_plus_gutenburg_max_per_row":"","footnotes":""},"categories":[13],"tags":[],"class_list":["post-107100","post","type-post","status-publish","format-standard","has-post-thumbnail","hentry","category-esportes"],"_links":{"self":[{"href":"https:\/\/www.caririemacao.com\/1\/wp-json\/wp\/v2\/posts\/107100","targetHints":{"allow":["GET"]}}],"collection":[{"href":"https:\/\/www.caririemacao.com\/1\/wp-json\/wp\/v2\/posts"}],"about":[{"href":"https:\/\/www.caririemacao.com\/1\/wp-json\/wp\/v2\/types\/post"}],"author":[{"embeddable":true,"href":"https:\/\/www.caririemacao.com\/1\/wp-json\/wp\/v2\/users\/1"}],"replies":[{"embeddable":true,"href":"https:\/\/www.caririemacao.com\/1\/wp-json\/wp\/v2\/comments?post=107100"}],"version-history":[{"count":1,"href":"https:\/\/www.caririemacao.com\/1\/wp-json\/wp\/v2\/posts\/107100\/revisions"}],"predecessor-version":[{"id":107101,"href":"https:\/\/www.caririemacao.com\/1\/wp-json\/wp\/v2\/posts\/107100\/revisions\/107101"}],"wp:featuredmedia":[{"embeddable":true,"href":"https:\/\/www.caririemacao.com\/1\/wp-json\/wp\/v2\/media\/50078"}],"wp:attachment":[{"href":"https:\/\/www.caririemacao.com\/1\/wp-json\/wp\/v2\/media?parent=107100"}],"wp:term":[{"taxonomy":"category","embeddable":true,"href":"https:\/\/www.caririemacao.com\/1\/wp-json\/wp\/v2\/categories?post=107100"},{"taxonomy":"post_tag","embeddable":true,"href":"https:\/\/www.caririemacao.com\/1\/wp-json\/wp\/v2\/tags?post=107100"}],"curies":[{"name":"wp","href":"https:\/\/api.w.org\/{rel}","templated":true}]}}