{"id":107107,"date":"2019-07-28T08:45:26","date_gmt":"2019-07-28T11:45:26","guid":{"rendered":"http:\/\/www.caririemacao.com\/1\/?p=107107"},"modified":"2019-07-28T08:45:26","modified_gmt":"2019-07-28T11:45:26","slug":"bolsonaro-diz-que-jornalista-nao-precisa-se-preocupar-com-deportacao","status":"publish","type":"post","link":"https:\/\/www.caririemacao.com\/1\/2019\/07\/28\/bolsonaro-diz-que-jornalista-nao-precisa-se-preocupar-com-deportacao\/","title":{"rendered":"Bolsonaro diz que jornalista n\u00e3o precisa se preocupar com deporta\u00e7\u00e3o"},"content":{"rendered":"\n<p>O presidente Jair Bolsonaro defendeu neste s\u00e1bado (27) a proposta do Minist\u00e9rio da Justi\u00e7a que prev\u00ea deporta\u00e7\u00e3o sum\u00e1ria para suspeitos de alguns crimes.<\/p>\n\n\n\n<p>Ele negou, entretanto, que a portaria ministerial tenha o objetivo de atingir o jornalista americano Glenn Greenwald, cujo site tem divulgado supostas conversas do ministro S\u00e9rgio Moro, da Justi\u00e7a, com procuradores da Opera\u00e7\u00e3o Lava Jato.<\/p>\n\n\n\n<p>\u201cTanto \u00e9 que n\u00e3o se encaixa na portaria o crime que ele est\u00e1 cometendo. At\u00e9 porque ele \u00e9 casado com outro homem [deputado federal David Miranda, que \u00e9 brasileiro] e tem meninos adotados no Brasil. Ele n\u00e3o vai embora, o Glenn pode ficar tranquilo. Talvez ele pegue uma cana aqui no Brasil. N\u00e3o vai pegar l\u00e1 fora, n\u00e3o\u201d, disse durante cerim\u00f4nia de formatura de paraquedistas no Rio de Janeiro.<\/p>\n\n\n\n<p>Bolsonaro afirmou que suspeitos de crime t\u00eam que ser \u201cmandados para fora do Brasil\u201d. \u201cEu n\u00e3o sou xen\u00f3fobo, mas na minha casa, entra quem eu quero. E a minha casa, no momento, \u00e9 o Brasil\u201d.<\/p>\n\n\n\n<p><strong>Novos dados sobre desmatamento<\/strong><\/p>\n\n\n\n<p>Ainda no Rio, Bolsonaro afirmou neste s\u00e1bado que deve divulgar, na pr\u00f3xima semana, novos dados sobre desmatamento do Instituto Nacional de Pesquisas Espaciais (Inpe). O presidente mostrou recentemente insatisfa\u00e7\u00e3o com informa\u00e7\u00f5es da institui\u00e7\u00e3o que mostram aumento da \u00e1rea desmatada no pa\u00eds.<\/p>\n\n\n\n<p>\u201cJ\u00e1 est\u00e1 tudo levantado. Est\u00e1 nas m\u00e3os do Marcos Pontes [ministro da Ci\u00eancia e Tecnologia] e do Ricardo Salles [ministro do Meio Ambiente] a divulga\u00e7\u00e3o desses dados, talvez na quarta-feira agora\u201d, observou.<\/p>\n\n\n\n<p>O presidente da Rep\u00fablica voltou a defender a explora\u00e7\u00e3o econ\u00f4mica da Amaz\u00f4nia e de outras \u00e1reas protegidas, como o litoral de Angra dos Reis. \u201cN\u00e3o podemos tratar o meio ambiente como uma psicose ambiental\u201d, afirmou.<\/p>\n","protected":false},"excerpt":{"rendered":"<p>O presidente Jair Bolsonaro defendeu neste s\u00e1bado (27) a proposta do Minist\u00e9rio da Justi\u00e7a que prev\u00ea deporta\u00e7\u00e3o sum\u00e1ria para suspeitos de alguns crimes. Ele negou,&hellip; <\/p>\n","protected":false},"author":1,"featured_media":107108,"comment_status":"closed","ping_status":"closed","sticky":false,"template":"","format":"standard","meta":{"sfsi_plus_gutenberg_text_before_share":"","sfsi_plus_gutenberg_show_text_before_share":"","sfsi_plus_gutenberg_icon_type":"","sfsi_plus_gutenberg_icon_alignemt":"","sfsi_plus_gutenburg_max_per_row":"","footnotes":""},"categories":[11],"tags":[],"class_list":["post-107107","post","type-post","status-publish","format-standard","has-post-thumbnail","hentry","category-politica"],"_links":{"self":[{"href":"https:\/\/www.caririemacao.com\/1\/wp-json\/wp\/v2\/posts\/107107","targetHints":{"allow":["GET"]}}],"collection":[{"href":"https:\/\/www.caririemacao.com\/1\/wp-json\/wp\/v2\/posts"}],"about":[{"href":"https:\/\/www.caririemacao.com\/1\/wp-json\/wp\/v2\/types\/post"}],"author":[{"embeddable":true,"href":"https:\/\/www.caririemacao.com\/1\/wp-json\/wp\/v2\/users\/1"}],"replies":[{"embeddable":true,"href":"https:\/\/www.caririemacao.com\/1\/wp-json\/wp\/v2\/comments?post=107107"}],"version-history":[{"count":1,"href":"https:\/\/www.caririemacao.com\/1\/wp-json\/wp\/v2\/posts\/107107\/revisions"}],"predecessor-version":[{"id":107109,"href":"https:\/\/www.caririemacao.com\/1\/wp-json\/wp\/v2\/posts\/107107\/revisions\/107109"}],"wp:featuredmedia":[{"embeddable":true,"href":"https:\/\/www.caririemacao.com\/1\/wp-json\/wp\/v2\/media\/107108"}],"wp:attachment":[{"href":"https:\/\/www.caririemacao.com\/1\/wp-json\/wp\/v2\/media?parent=107107"}],"wp:term":[{"taxonomy":"category","embeddable":true,"href":"https:\/\/www.caririemacao.com\/1\/wp-json\/wp\/v2\/categories?post=107107"},{"taxonomy":"post_tag","embeddable":true,"href":"https:\/\/www.caririemacao.com\/1\/wp-json\/wp\/v2\/tags?post=107107"}],"curies":[{"name":"wp","href":"https:\/\/api.w.org\/{rel}","templated":true}]}}