{"id":107115,"date":"2019-07-28T09:08:12","date_gmt":"2019-07-28T12:08:12","guid":{"rendered":"http:\/\/www.caririemacao.com\/1\/?p=107115"},"modified":"2019-07-28T09:08:12","modified_gmt":"2019-07-28T12:08:12","slug":"prefeitura-de-boa-ventura-inscreve-para-concurso-publico-a-partir-desta-segunda-feira","status":"publish","type":"post","link":"https:\/\/www.caririemacao.com\/1\/2019\/07\/28\/prefeitura-de-boa-ventura-inscreve-para-concurso-publico-a-partir-desta-segunda-feira\/","title":{"rendered":"Prefeitura de Boa Ventura inscreve para concurso p\u00fablico a partir desta segunda-feira"},"content":{"rendered":"\n<p>&nbsp;Prefeitura de Boa Ventura inscreve a partir desta segunda-feira (29) para o&nbsp;concurso com 111 vagas em cargos&nbsp;de n\u00edveis fundamental, m\u00e9dio, t\u00e9cnico e superior. Os sal\u00e1rios variam de R$ 998 a R$ 1,6 mil.<\/p>\n\n\n\n<p><a href=\"https:\/\/www.clickpb.com.br\/media\/filer_public\/aa\/43\/aa43b602-688f-4446-b70a-dc604576f2ed\/edital_normativo_2019_pm_boa_ventura_1_2019.pdf\">Confira o edital<\/a><\/p>\n\n\n\n<p>As inscri\u00e7\u00f5es&nbsp;devem ser feitas&nbsp;<a href=\"https:\/\/cpcon.uepb.edu.br\/concursos\/2019_PM_BOA_VENTURA\/\">exclusivamente pela internet<\/a>, no site da organizadora CPCon, das 10h do dia 29 de julho at\u00e9 \u00e0s&nbsp;23h59 do dia 22 de agosto. A taxa de inscri\u00e7\u00e3o custa R$ 65 para cargos de n\u00edvel fundamental, R$ 85 para cargos de n\u00edvel m\u00e9dio ou t\u00e9cnico e R$ 105 para cargos de n\u00edvel superior.<\/p>\n\n\n\n<p>De acordo com o edital, o cargo com mais vagas \u00e9 o de agente de vigil\u00e2ncia, que oferece 16 oportunidades para pessoas com ensino fundamental completo. J\u00e1 os cargos com sal\u00e1rios maiores s\u00e3o os de professor, que oferece vagas nas \u00e1reas de hist\u00f3ria, portugu\u00eas, ingl\u00eas, matem\u00e1tica, educa\u00e7\u00e3o f\u00edsica, geografia e ci\u00eancias. Os candidatos precisam ter licenciatura na \u00e1rea escolhida.<\/p>\n\n\n\n<p>Al\u00e9m destes cargos, tamb\u00e9m h\u00e1 vagas para agente de limpeza, auxiliar de servi\u00e7os gerais, coveiro, cozinheiro, eletricista, mec\u00e2nico, merendeira, operador de m\u00e1quinas, pedreiro, agente administrativo, agente de combate \u00e0s endemias, agente de vigil\u00e2ncia sanit\u00e1ria, agente fiscal de tributos, agente fiscal de obras, auxiliar em sa\u00fade bucal, cuidador da sala regular de ensino e sala de recurso multifuncional, digitador, educador ou orientador social, inspetor escolar, motorista, recepcionista, t\u00e9cnico em enfermagem, t\u00e9cnico em farm\u00e1cia, assistente social, advogado, enfermeiro, farmac\u00eautico, fisioterapeuta, fonoaudi\u00f3logo, nutricionista, psic\u00f3logo cl\u00ednico, supervisor de ensino e coordenador pedag\u00f3gico.<\/p>\n\n\n\n<p>As provas est\u00e3o previstas para acontecer no dia 13 de outubro.<\/p>\n","protected":false},"excerpt":{"rendered":"<p>&nbsp;Prefeitura de Boa Ventura inscreve a partir desta segunda-feira (29) para o&nbsp;concurso com 111 vagas em cargos&nbsp;de n\u00edveis fundamental, m\u00e9dio, t\u00e9cnico e superior. Os sal\u00e1rios&hellip; <\/p>\n","protected":false},"author":1,"featured_media":106065,"comment_status":"closed","ping_status":"closed","sticky":false,"template":"","format":"standard","meta":{"sfsi_plus_gutenberg_text_before_share":"","sfsi_plus_gutenberg_show_text_before_share":"","sfsi_plus_gutenberg_icon_type":"","sfsi_plus_gutenberg_icon_alignemt":"","sfsi_plus_gutenburg_max_per_row":"","footnotes":""},"categories":[6],"tags":[],"class_list":["post-107115","post","type-post","status-publish","format-standard","has-post-thumbnail","hentry","category-cidades"],"_links":{"self":[{"href":"https:\/\/www.caririemacao.com\/1\/wp-json\/wp\/v2\/posts\/107115","targetHints":{"allow":["GET"]}}],"collection":[{"href":"https:\/\/www.caririemacao.com\/1\/wp-json\/wp\/v2\/posts"}],"about":[{"href":"https:\/\/www.caririemacao.com\/1\/wp-json\/wp\/v2\/types\/post"}],"author":[{"embeddable":true,"href":"https:\/\/www.caririemacao.com\/1\/wp-json\/wp\/v2\/users\/1"}],"replies":[{"embeddable":true,"href":"https:\/\/www.caririemacao.com\/1\/wp-json\/wp\/v2\/comments?post=107115"}],"version-history":[{"count":1,"href":"https:\/\/www.caririemacao.com\/1\/wp-json\/wp\/v2\/posts\/107115\/revisions"}],"predecessor-version":[{"id":107117,"href":"https:\/\/www.caririemacao.com\/1\/wp-json\/wp\/v2\/posts\/107115\/revisions\/107117"}],"wp:featuredmedia":[{"embeddable":true,"href":"https:\/\/www.caririemacao.com\/1\/wp-json\/wp\/v2\/media\/106065"}],"wp:attachment":[{"href":"https:\/\/www.caririemacao.com\/1\/wp-json\/wp\/v2\/media?parent=107115"}],"wp:term":[{"taxonomy":"category","embeddable":true,"href":"https:\/\/www.caririemacao.com\/1\/wp-json\/wp\/v2\/categories?post=107115"},{"taxonomy":"post_tag","embeddable":true,"href":"https:\/\/www.caririemacao.com\/1\/wp-json\/wp\/v2\/tags?post=107115"}],"curies":[{"name":"wp","href":"https:\/\/api.w.org\/{rel}","templated":true}]}}