{"id":107120,"date":"2019-07-28T09:12:32","date_gmt":"2019-07-28T12:12:32","guid":{"rendered":"http:\/\/www.caririemacao.com\/1\/?p=107120"},"modified":"2019-07-28T09:12:32","modified_gmt":"2019-07-28T12:12:32","slug":"bandidos-levam-arma-de-seguranca-da-ufpb","status":"publish","type":"post","link":"https:\/\/www.caririemacao.com\/1\/2019\/07\/28\/bandidos-levam-arma-de-seguranca-da-ufpb\/","title":{"rendered":"Bandidos levam arma de seguran\u00e7a da UFPB"},"content":{"rendered":"\n<p>Bandidos levaram na noite deste s\u00e1bado (27), a arma do seguran\u00e7a da Universidade Federal da Para\u00edba (UFPB). O seguran\u00e7a estava nas proximidades do Hospital Universit\u00e1rio para a troca de plant\u00e3o, quando foi surpreendido por dois homens em um carro.<\/p>\n\n\n\n<p>A dupla abordou o seguran\u00e7a e levaram a arma.&nbsp;Outros seguran\u00e7as que perceberam a a\u00e7\u00e3o ainda atiraram contra os bandidos, por\u00e9m eles conseguiram fugir.&nbsp;<\/p>\n\n\n\n<p>A Pol\u00edcia Militar foi acionada, por\u00e9m ningu\u00e9m foi preso.&nbsp;<\/p>\n","protected":false},"excerpt":{"rendered":"<p>Bandidos levaram na noite deste s\u00e1bado (27), a arma do seguran\u00e7a da Universidade Federal da Para\u00edba (UFPB). O seguran\u00e7a estava nas proximidades do Hospital Universit\u00e1rio&hellip; <\/p>\n","protected":false},"author":1,"featured_media":107121,"comment_status":"closed","ping_status":"closed","sticky":false,"template":"","format":"standard","meta":{"sfsi_plus_gutenberg_text_before_share":"","sfsi_plus_gutenberg_show_text_before_share":"","sfsi_plus_gutenberg_icon_type":"","sfsi_plus_gutenberg_icon_alignemt":"","sfsi_plus_gutenburg_max_per_row":"","footnotes":""},"categories":[12],"tags":[],"class_list":["post-107120","post","type-post","status-publish","format-standard","has-post-thumbnail","hentry","category-policia"],"_links":{"self":[{"href":"https:\/\/www.caririemacao.com\/1\/wp-json\/wp\/v2\/posts\/107120","targetHints":{"allow":["GET"]}}],"collection":[{"href":"https:\/\/www.caririemacao.com\/1\/wp-json\/wp\/v2\/posts"}],"about":[{"href":"https:\/\/www.caririemacao.com\/1\/wp-json\/wp\/v2\/types\/post"}],"author":[{"embeddable":true,"href":"https:\/\/www.caririemacao.com\/1\/wp-json\/wp\/v2\/users\/1"}],"replies":[{"embeddable":true,"href":"https:\/\/www.caririemacao.com\/1\/wp-json\/wp\/v2\/comments?post=107120"}],"version-history":[{"count":1,"href":"https:\/\/www.caririemacao.com\/1\/wp-json\/wp\/v2\/posts\/107120\/revisions"}],"predecessor-version":[{"id":107122,"href":"https:\/\/www.caririemacao.com\/1\/wp-json\/wp\/v2\/posts\/107120\/revisions\/107122"}],"wp:featuredmedia":[{"embeddable":true,"href":"https:\/\/www.caririemacao.com\/1\/wp-json\/wp\/v2\/media\/107121"}],"wp:attachment":[{"href":"https:\/\/www.caririemacao.com\/1\/wp-json\/wp\/v2\/media?parent=107120"}],"wp:term":[{"taxonomy":"category","embeddable":true,"href":"https:\/\/www.caririemacao.com\/1\/wp-json\/wp\/v2\/categories?post=107120"},{"taxonomy":"post_tag","embeddable":true,"href":"https:\/\/www.caririemacao.com\/1\/wp-json\/wp\/v2\/tags?post=107120"}],"curies":[{"name":"wp","href":"https:\/\/api.w.org\/{rel}","templated":true}]}}