{"id":107141,"date":"2019-07-28T09:35:11","date_gmt":"2019-07-28T12:35:11","guid":{"rendered":"http:\/\/www.caririemacao.com\/1\/?p=107141"},"modified":"2019-07-28T09:35:11","modified_gmt":"2019-07-28T12:35:11","slug":"homem-arma-rede-no-alto-de-uma-torre-de-antena-em-pombal","status":"publish","type":"post","link":"https:\/\/www.caririemacao.com\/1\/2019\/07\/28\/homem-arma-rede-no-alto-de-uma-torre-de-antena-em-pombal\/","title":{"rendered":"Homem arma rede no alto de uma torre de antena em Pombal"},"content":{"rendered":"\n<p>Um v\u00eddeo circula nas redes sociais mostra um homem se balan\u00e7ando em uma rede no alto de uma torre de antena na cidade de Pombal, na Para\u00edba. Um dos v\u00eddeos mostra o homem subindo na torre para armar a rede.&nbsp;<\/p>\n\n\n\n<figure><iframe data-src=\"https:\/\/www.youtube.com\/embed\/OhnasVR_3SU\" allowfullscreen=\"\" src=\"data:image\/svg+xml;base64,PHN2ZyB3aWR0aD0iMSIgaGVpZ2h0PSIxIiB4bWxucz0iaHR0cDovL3d3dy53My5vcmcvMjAwMC9zdmciPjwvc3ZnPg==\" class=\"lazyload\" data-load-mode=\"1\"><\/iframe><\/figure>\n\n\n\n<p>O homem sofre de problemas mentais e n\u00e3o \u00e9 a primeira vez que ele sobe no local, segundo informou a Pol\u00edcia Militar.<\/p>\n\n\n\n<figure><iframe data-src=\"https:\/\/www.youtube.com\/embed\/krtVxrtHfp4\" allowfullscreen=\"\" src=\"data:image\/svg+xml;base64,PHN2ZyB3aWR0aD0iMSIgaGVpZ2h0PSIxIiB4bWxucz0iaHR0cDovL3d3dy53My5vcmcvMjAwMC9zdmciPjwvc3ZnPg==\" class=\"lazyload\" data-load-mode=\"1\"><\/iframe><\/figure>\n\n\n\n<p>O Corpo de Bombeiros foi acionado e fez a retirada do homem do local.&nbsp;<\/p>\n\n\n\n<p>A antena estava desativada e era de uma empresa de telefonia celular.&nbsp;<\/p>\n","protected":false},"excerpt":{"rendered":"<p>Um v\u00eddeo circula nas redes sociais mostra um homem se balan\u00e7ando em uma rede no alto de uma torre de antena na cidade de Pombal,&hellip; <\/p>\n","protected":false},"author":1,"featured_media":107142,"comment_status":"closed","ping_status":"closed","sticky":false,"template":"","format":"standard","meta":{"sfsi_plus_gutenberg_text_before_share":"","sfsi_plus_gutenberg_show_text_before_share":"","sfsi_plus_gutenberg_icon_type":"","sfsi_plus_gutenberg_icon_alignemt":"","sfsi_plus_gutenburg_max_per_row":"","footnotes":""},"categories":[2],"tags":[],"class_list":["post-107141","post","type-post","status-publish","format-standard","has-post-thumbnail","hentry","category-geral"],"_links":{"self":[{"href":"https:\/\/www.caririemacao.com\/1\/wp-json\/wp\/v2\/posts\/107141","targetHints":{"allow":["GET"]}}],"collection":[{"href":"https:\/\/www.caririemacao.com\/1\/wp-json\/wp\/v2\/posts"}],"about":[{"href":"https:\/\/www.caririemacao.com\/1\/wp-json\/wp\/v2\/types\/post"}],"author":[{"embeddable":true,"href":"https:\/\/www.caririemacao.com\/1\/wp-json\/wp\/v2\/users\/1"}],"replies":[{"embeddable":true,"href":"https:\/\/www.caririemacao.com\/1\/wp-json\/wp\/v2\/comments?post=107141"}],"version-history":[{"count":1,"href":"https:\/\/www.caririemacao.com\/1\/wp-json\/wp\/v2\/posts\/107141\/revisions"}],"predecessor-version":[{"id":107143,"href":"https:\/\/www.caririemacao.com\/1\/wp-json\/wp\/v2\/posts\/107141\/revisions\/107143"}],"wp:featuredmedia":[{"embeddable":true,"href":"https:\/\/www.caririemacao.com\/1\/wp-json\/wp\/v2\/media\/107142"}],"wp:attachment":[{"href":"https:\/\/www.caririemacao.com\/1\/wp-json\/wp\/v2\/media?parent=107141"}],"wp:term":[{"taxonomy":"category","embeddable":true,"href":"https:\/\/www.caririemacao.com\/1\/wp-json\/wp\/v2\/categories?post=107141"},{"taxonomy":"post_tag","embeddable":true,"href":"https:\/\/www.caririemacao.com\/1\/wp-json\/wp\/v2\/tags?post=107141"}],"curies":[{"name":"wp","href":"https:\/\/api.w.org\/{rel}","templated":true}]}}