{"id":107148,"date":"2019-07-28T09:44:41","date_gmt":"2019-07-28T12:44:41","guid":{"rendered":"http:\/\/www.caririemacao.com\/1\/?p=107148"},"modified":"2019-07-28T09:44:41","modified_gmt":"2019-07-28T12:44:41","slug":"13o-de-aposentados-do-inss-deve-sair-no-mes-que-vem","status":"publish","type":"post","link":"https:\/\/www.caririemacao.com\/1\/2019\/07\/28\/13o-de-aposentados-do-inss-deve-sair-no-mes-que-vem\/","title":{"rendered":"13\u00ba de aposentados do INSS deve sair no m\u00eas que vem"},"content":{"rendered":"\n<p>&nbsp;decreto que antecipa para agosto o pagamento da primeira parcela do 13\u00ba sal\u00e1rio de aposentados e pensionistas do INSS j\u00e1 est\u00e1 pronto para ser assinado pelo presidente Jair Bolsonaro (PSL), que aguarda conclus\u00e3o de estudo sobre a disponibilidade or\u00e7ament\u00e1ria para autorizar os cr\u00e9ditos.&nbsp;<\/p>\n\n\n\n<p>A segunda parcela do b\u00f4nus est\u00e1 programada para ser paga em novembro, como ocorreu em anos anteriores.<\/p>\n\n\n\n<p>A informa\u00e7\u00e3o apurada pela reportagem \u00e9 que o governo est\u00e1 preparado para rodar a folha de benef\u00edcios do m\u00eas que vem, j\u00e1 considerando a antecipa\u00e7\u00e3o da primeira parte do 13\u00ba aos segurados. Procurada, a Presid\u00eancia da Rep\u00fablica n\u00e3o confirmou.<\/p>\n\n\n\n<p>A primeira parcela da gratifica\u00e7\u00e3o \u00e9 tradicionalmente depositada com a folha de pagamentos de agosto, embora a legisla\u00e7\u00e3o determine apenas que o prazo acaba em novembro.<\/p>\n\n\n\n<p>Se o governo confirmar a antecipa\u00e7\u00e3o da gratifica\u00e7\u00e3o natalina aos aposentados, os dep\u00f3sitos dever\u00e3o ocorrer entre 26 de agosto e 6 de setembro, conforme o calend\u00e1rio de pagamentos, que leva em conta o valor do benef\u00edcio e o n\u00famero final do cart\u00e3o.<br><\/p>\n\n\n\n<p><strong>ABONO DO APOSENTADO | QUANDO SAI?&nbsp; &nbsp; &nbsp; &nbsp; &nbsp; &nbsp; &nbsp;&nbsp;<\/strong><\/p>\n\n\n\n<p>O governo de Jair Bolsonaro ainda n\u00e3o confirmou se haver\u00e1 antecipa\u00e7\u00e3o da 1\u00aa parcela para os benefici\u00e1rios da Previd\u00eancia.&nbsp;A expectativa de aposentados e pensionista \u00e9 receber essa parte da gratifica\u00e7\u00e3o em agosto, como em anos anteriores.<\/p>\n\n\n\n<p><strong>An\u00fancio nos \u00faltimos anos&nbsp; &nbsp; &nbsp; &nbsp; &nbsp; &nbsp; &nbsp; &nbsp; &nbsp; &nbsp; &nbsp;&nbsp;<\/strong><\/p>\n\n\n\n<p>2018: O decreto do presidente Michel Temer antecipando o abono foi publicado em 17 de julho<br>2017: Temer anunciou a antecipa\u00e7\u00e3o do 13\u00ba em 28 de julho, em v\u00eddeo publicado nas redes sociais<br>2016: O decreto antecipando a 1\u00aa parcela foi publicado no Di\u00e1rio Oficial da Uni\u00e3o em 25 de julho<br>2015: A presidente Dilma Rousseff publicou em 4 de setembro o decreto liberando a 1\u00aa parte do b\u00f4nus<\/p>\n\n\n\n<p><strong>Adiantamento \u00e9 tradi\u00e7\u00e3o&nbsp; &nbsp; &nbsp; &nbsp; &nbsp; &nbsp; &nbsp; &nbsp; &nbsp;<br><\/strong><\/p>\n\n\n\n<p>O adiantamento de metade do 13\u00ba aos aposentados \u00e9 uma tradi\u00e7\u00e3o, mas n\u00e3o \u00e9 obrigat\u00f3rio<br>Desde 2006 o governo antecipa para agosto metade do b\u00f4nus de Natal aos benefici\u00e1rios<br>Por lei, a exig\u00eancia quanto \u00e0 antecipa\u00e7\u00e3o do 13\u00ba \u00e9 que ela seja realizada at\u00e9 20 de novembro<br>J\u00e1 segunda parcela da gratifica\u00e7\u00e3o natalina deve ser depositada at\u00e9 o dia 20 de dezembro&nbsp;&nbsp;<br>Quando cai na conta<\/p>\n\n\n\n<p>Caso o governo confirme a antecipa\u00e7\u00e3o, os dep\u00f3sitos devem ser realizados entre 26 de agosto e 6 de setembro.&nbsp;Os dep\u00f3sitos ocorrem nas mesmas datas em que s\u00e3o depositados os benef\u00edcios, conforme o calend\u00e1rio de pagamentos . A 2\u00ba parcela: se mantido o cronograma de anos anteriores, a 2\u00aa parcela cai entre 25 de novembro e 6 de dezembro.<\/p>\n\n\n\n<p>Todos os aposentados e pensionistas do INSS e segurados que receberam benef\u00edcio por incapacidade tem direito a antecipa\u00e7\u00e3o.<\/p>\n","protected":false},"excerpt":{"rendered":"<p>&nbsp;decreto que antecipa para agosto o pagamento da primeira parcela do 13\u00ba sal\u00e1rio de aposentados e pensionistas do INSS j\u00e1 est\u00e1 pronto para ser assinado&hellip; <\/p>\n","protected":false},"author":1,"featured_media":89280,"comment_status":"closed","ping_status":"closed","sticky":false,"template":"","format":"standard","meta":{"sfsi_plus_gutenberg_text_before_share":"","sfsi_plus_gutenberg_show_text_before_share":"","sfsi_plus_gutenberg_icon_type":"","sfsi_plus_gutenberg_icon_alignemt":"","sfsi_plus_gutenburg_max_per_row":"","footnotes":""},"categories":[6],"tags":[],"class_list":["post-107148","post","type-post","status-publish","format-standard","has-post-thumbnail","hentry","category-cidades"],"_links":{"self":[{"href":"https:\/\/www.caririemacao.com\/1\/wp-json\/wp\/v2\/posts\/107148","targetHints":{"allow":["GET"]}}],"collection":[{"href":"https:\/\/www.caririemacao.com\/1\/wp-json\/wp\/v2\/posts"}],"about":[{"href":"https:\/\/www.caririemacao.com\/1\/wp-json\/wp\/v2\/types\/post"}],"author":[{"embeddable":true,"href":"https:\/\/www.caririemacao.com\/1\/wp-json\/wp\/v2\/users\/1"}],"replies":[{"embeddable":true,"href":"https:\/\/www.caririemacao.com\/1\/wp-json\/wp\/v2\/comments?post=107148"}],"version-history":[{"count":1,"href":"https:\/\/www.caririemacao.com\/1\/wp-json\/wp\/v2\/posts\/107148\/revisions"}],"predecessor-version":[{"id":107150,"href":"https:\/\/www.caririemacao.com\/1\/wp-json\/wp\/v2\/posts\/107148\/revisions\/107150"}],"wp:featuredmedia":[{"embeddable":true,"href":"https:\/\/www.caririemacao.com\/1\/wp-json\/wp\/v2\/media\/89280"}],"wp:attachment":[{"href":"https:\/\/www.caririemacao.com\/1\/wp-json\/wp\/v2\/media?parent=107148"}],"wp:term":[{"taxonomy":"category","embeddable":true,"href":"https:\/\/www.caririemacao.com\/1\/wp-json\/wp\/v2\/categories?post=107148"},{"taxonomy":"post_tag","embeddable":true,"href":"https:\/\/www.caririemacao.com\/1\/wp-json\/wp\/v2\/tags?post=107148"}],"curies":[{"name":"wp","href":"https:\/\/api.w.org\/{rel}","templated":true}]}}