{"id":107173,"date":"2019-07-28T10:04:17","date_gmt":"2019-07-28T13:04:17","guid":{"rendered":"http:\/\/www.caririemacao.com\/1\/?p=107173"},"modified":"2019-07-28T10:04:17","modified_gmt":"2019-07-28T13:04:17","slug":"nao-desco-a-esse-nivel-diz-joao-azevedo-sobre-declaracoes-de-bolsonaro","status":"publish","type":"post","link":"https:\/\/www.caririemacao.com\/1\/2019\/07\/28\/nao-desco-a-esse-nivel-diz-joao-azevedo-sobre-declaracoes-de-bolsonaro\/","title":{"rendered":"\u2018N\u00e3o des\u00e7o a esse n\u00edvel\u2019, diz Jo\u00e3o Azev\u00eado sobre declara\u00e7\u00f5es de Bolsonaro"},"content":{"rendered":"\n<p>governador Jo\u00e3o Azev\u00eado afirmou, em entrevista ao jornal&nbsp;<em>Folha de S. Paulo<\/em>publicada neste domingo (28), que considerou \u201cinaceit\u00e1vel\u201d a&nbsp;<strong><a href=\"https:\/\/fonte83.com.br\/bolsonaro-ataca-joao-azevedo-e-governador-reage-fere-os-principios-basicos-das-relacoes-institucionais\/\">declara\u00e7\u00e3o do presidente da Rep\u00fablica, Jair Bolsonaro, em se referir \u00e0 regi\u00e3o Nordeste usando o termo<em>&nbsp;\u2018para\u00edba\u2019<\/em>&nbsp;de forma pejorativa<\/a><\/strong>. \u201cEu n\u00e3o des\u00e7o a esse n\u00edvel. Essa \u00e9 a grande quest\u00e3o. Eu n\u00e3o des\u00e7o a esse n\u00edvel de disputa\u201d, afirmou o governador. Azev\u00eado contou que ficou sabendo da declara\u00e7\u00e3o de Bolsonaro quando recebeu uma declara\u00e7\u00e3o de Fl\u00e1vio Dino, governador do Maranh\u00e3o, perguntando em tom de brincadeira qual dos dois seria o pior gestor.<\/p>\n\n\n\n<p>Al\u00e9m da declara\u00e7\u00e3o preconceituosa do presidente, Jo\u00e3o Azev\u00eado comentou a falta de investimentos da gest\u00e3o de Bolsonaro na regi\u00e3o \u2013 segundo ele, o governo federal ainda n\u00e3o iniciou nenhuma obra na Para\u00edba neste ano. \u201cN\u00e3o h\u00e1 nem conv\u00eanio. Zero. Todas as obras que est\u00e3o aqui em andamento s\u00e3o dos governos anteriores\u201d, declarou. Apesar disso, explicou que confia nos ministros para atrair investimentos para o estado. \u201cAposto muito nessa possibilidade. H\u00e1 diversos ministros que eu tenho rela\u00e7\u00e3o de conhecimento de muito tempo\u201d, avaliou.<\/p>\n","protected":false},"excerpt":{"rendered":"<p>governador Jo\u00e3o Azev\u00eado afirmou, em entrevista ao jornal&nbsp;Folha de S. Paulopublicada neste domingo (28), que considerou \u201cinaceit\u00e1vel\u201d a&nbsp;declara\u00e7\u00e3o do presidente da Rep\u00fablica, Jair Bolsonaro, em&hellip; <\/p>\n","protected":false},"author":1,"featured_media":99189,"comment_status":"closed","ping_status":"closed","sticky":false,"template":"","format":"standard","meta":{"sfsi_plus_gutenberg_text_before_share":"","sfsi_plus_gutenberg_show_text_before_share":"","sfsi_plus_gutenberg_icon_type":"","sfsi_plus_gutenberg_icon_alignemt":"","sfsi_plus_gutenburg_max_per_row":"","footnotes":""},"categories":[11],"tags":[],"class_list":["post-107173","post","type-post","status-publish","format-standard","has-post-thumbnail","hentry","category-politica"],"_links":{"self":[{"href":"https:\/\/www.caririemacao.com\/1\/wp-json\/wp\/v2\/posts\/107173","targetHints":{"allow":["GET"]}}],"collection":[{"href":"https:\/\/www.caririemacao.com\/1\/wp-json\/wp\/v2\/posts"}],"about":[{"href":"https:\/\/www.caririemacao.com\/1\/wp-json\/wp\/v2\/types\/post"}],"author":[{"embeddable":true,"href":"https:\/\/www.caririemacao.com\/1\/wp-json\/wp\/v2\/users\/1"}],"replies":[{"embeddable":true,"href":"https:\/\/www.caririemacao.com\/1\/wp-json\/wp\/v2\/comments?post=107173"}],"version-history":[{"count":1,"href":"https:\/\/www.caririemacao.com\/1\/wp-json\/wp\/v2\/posts\/107173\/revisions"}],"predecessor-version":[{"id":107174,"href":"https:\/\/www.caririemacao.com\/1\/wp-json\/wp\/v2\/posts\/107173\/revisions\/107174"}],"wp:featuredmedia":[{"embeddable":true,"href":"https:\/\/www.caririemacao.com\/1\/wp-json\/wp\/v2\/media\/99189"}],"wp:attachment":[{"href":"https:\/\/www.caririemacao.com\/1\/wp-json\/wp\/v2\/media?parent=107173"}],"wp:term":[{"taxonomy":"category","embeddable":true,"href":"https:\/\/www.caririemacao.com\/1\/wp-json\/wp\/v2\/categories?post=107173"},{"taxonomy":"post_tag","embeddable":true,"href":"https:\/\/www.caririemacao.com\/1\/wp-json\/wp\/v2\/tags?post=107173"}],"curies":[{"name":"wp","href":"https:\/\/api.w.org\/{rel}","templated":true}]}}