{"id":107180,"date":"2019-07-29T08:42:37","date_gmt":"2019-07-29T11:42:37","guid":{"rendered":"http:\/\/www.caririemacao.com\/1\/?p=107180"},"modified":"2019-07-29T10:10:30","modified_gmt":"2019-07-29T13:10:30","slug":"vereador-mais-votado-em-gurjao-rompe-com-prefeito-ronaldo","status":"publish","type":"post","link":"https:\/\/www.caririemacao.com\/1\/2019\/07\/29\/vereador-mais-votado-em-gurjao-rompe-com-prefeito-ronaldo\/","title":{"rendered":"Vereador mais votado em Gurj\u00e3o rompe com prefeito Ronaldo"},"content":{"rendered":"\n<p>O vereador mais votado nas elei\u00e7\u00f5es de 2016 na cidade de Gurj\u00e3o, no Cariri Paraibano, Adailsinho Queiroz, atual presidente municipal do PSB, partido do governador Jo\u00e3o Azevedo, falou a reportagem do Cariri em A\u00e7\u00e3o da sua sa\u00edda da base de sustenta\u00e7\u00e3o do prefeito Ronaldo Queiroz.<\/p>\n\n\n\n<p>Adailsinho Queiroz comentou que rompeu politicamente com o prefeito por estar insatisfeito com a forma que a atual gest\u00e3o municipal vem governando o munic\u00edpio. Ele relatou que o prefeito tem virado as costas para cidade, que n\u00e3o respeita os eleitores e as pessoas que acreditaram em seu projeto, al\u00e9m de administrar de maneira distante dos ideais da cidade, n\u00e3o oferece um projeto administrativo para a cidade, e que Gurj\u00e3o atualmente passa pelo maior retrocesso da sua hist\u00f3ria. &#8220;Acreditava ver a melhoria de vida das pessoas, o crescimento da cidade, mas infelizmente o que presencio \u00e9 o atraso e a m\u00e1 qualidade de vida da popula\u00e7\u00e3o&#8221;, relatou.<\/p>\n\n\n\n<p>Adailsinho lembrou que as proposituras apresentadas por v\u00e1rios vereadores foram e est\u00e3o sendo ignoradas pelo prefeito Ronaldo, deixando de atender os pedidos da popula\u00e7\u00e3o. \u201cEnquanto estive na base do prefeito at\u00e9 dezembro passado quis contribuir com sua gest\u00e3o, trazendo tamb\u00e9m a minha experi\u00eancia para melhorar a vida da popula\u00e7\u00e3o do munic\u00edpio, mas o prefeito n\u00e3o aceita sugest\u00e3o e age de forma autorit\u00e1ria, desprezando aqueles que t\u00eam outros ideais\u201d, comentou.<\/p>\n\n\n\n<p>O vereador Adailsinho disse que foi muito bem recebido pelos bloco de oposi\u00e7\u00e3o na C\u00e2mara Municipal formado pelos vereadores Gilberto Farias, Sandro de Mica e Robson Cordeiro que t\u00eam dado uma grande contribui\u00e7\u00e3o para o munic\u00edpio, sempre atentos com que acontece em Gurj\u00e3o. <\/p>\n\n\n\n<p>Ele tamb\u00e9m confirmou que pretende disputar o cargo de prefeito nas pr\u00f3ximas elei\u00e7\u00f5es, colocando seu nome como  pr\u00e9-candidato. Adailsinho revelou que est\u00e1 dialogando com o ex-prefeito Martinho, com o ex-vereador e ex-candidato a prefeito Edvan, com os vereadores da oposi\u00e7\u00e3o, com o m\u00e9dico Dr. Marinho, lideran\u00e7as local e com o povo, para seguir unidos para as elei\u00e7\u00f5es de 2020, e ajudar mais ainda o munic\u00edpio.<\/p>\n","protected":false},"excerpt":{"rendered":"<p>O vereador mais votado nas elei\u00e7\u00f5es de 2016 na cidade de Gurj\u00e3o, no Cariri Paraibano, Adailsinho Queiroz, atual presidente municipal do PSB, partido do governador&hellip; <\/p>\n","protected":false},"author":2,"featured_media":107181,"comment_status":"closed","ping_status":"closed","sticky":false,"template":"","format":"standard","meta":{"sfsi_plus_gutenberg_text_before_share":"","sfsi_plus_gutenberg_show_text_before_share":"","sfsi_plus_gutenberg_icon_type":"","sfsi_plus_gutenberg_icon_alignemt":"","sfsi_plus_gutenburg_max_per_row":"","footnotes":""},"categories":[50],"tags":[],"class_list":["post-107180","post","type-post","status-publish","format-standard","has-post-thumbnail","hentry","category-destaque"],"_links":{"self":[{"href":"https:\/\/www.caririemacao.com\/1\/wp-json\/wp\/v2\/posts\/107180","targetHints":{"allow":["GET"]}}],"collection":[{"href":"https:\/\/www.caririemacao.com\/1\/wp-json\/wp\/v2\/posts"}],"about":[{"href":"https:\/\/www.caririemacao.com\/1\/wp-json\/wp\/v2\/types\/post"}],"author":[{"embeddable":true,"href":"https:\/\/www.caririemacao.com\/1\/wp-json\/wp\/v2\/users\/2"}],"replies":[{"embeddable":true,"href":"https:\/\/www.caririemacao.com\/1\/wp-json\/wp\/v2\/comments?post=107180"}],"version-history":[{"count":3,"href":"https:\/\/www.caririemacao.com\/1\/wp-json\/wp\/v2\/posts\/107180\/revisions"}],"predecessor-version":[{"id":107353,"href":"https:\/\/www.caririemacao.com\/1\/wp-json\/wp\/v2\/posts\/107180\/revisions\/107353"}],"wp:featuredmedia":[{"embeddable":true,"href":"https:\/\/www.caririemacao.com\/1\/wp-json\/wp\/v2\/media\/107181"}],"wp:attachment":[{"href":"https:\/\/www.caririemacao.com\/1\/wp-json\/wp\/v2\/media?parent=107180"}],"wp:term":[{"taxonomy":"category","embeddable":true,"href":"https:\/\/www.caririemacao.com\/1\/wp-json\/wp\/v2\/categories?post=107180"},{"taxonomy":"post_tag","embeddable":true,"href":"https:\/\/www.caririemacao.com\/1\/wp-json\/wp\/v2\/tags?post=107180"}],"curies":[{"name":"wp","href":"https:\/\/api.w.org\/{rel}","templated":true}]}}