{"id":107185,"date":"2019-07-28T11:29:45","date_gmt":"2019-07-28T14:29:45","guid":{"rendered":"http:\/\/www.caririemacao.com\/1\/?p=107185"},"modified":"2019-07-28T11:29:45","modified_gmt":"2019-07-28T14:29:45","slug":"ambulante-chora-apos-ser-impedido-de-vender-mercadorias-pelas-ruas-de-cidade-da-pb","status":"publish","type":"post","link":"https:\/\/www.caririemacao.com\/1\/2019\/07\/28\/ambulante-chora-apos-ser-impedido-de-vender-mercadorias-pelas-ruas-de-cidade-da-pb\/","title":{"rendered":"Ambulante chora ap\u00f3s ser impedido de vender mercadorias pelas ruas de cidade da PB"},"content":{"rendered":"\n<p>O vendedor ambulante Vanduir Jos\u00e9 de Almeida, de 57 anos, ficou abalado ao ser impedido pela Prefeitura de vender suas mercadorias pelas ruas em Itaporanga, no Vale do Pianc\u00f3, Sert\u00e3o da Para\u00edba. O fato aconteceu neste s\u00e1bado (27). Ele afirmou estar assustado com a amea\u00e7a de fiscais. Os funcion\u00e1rios municipais querem confiscar todos os pertences dele em cumprimento do C\u00f3digo de Postura do Munic\u00edpio e o amea\u00e7aram de pris\u00e3o, caso descumprisse a ordem.<\/p>\n\n\n\n<p>Dudu, como \u00e9 bastante conhecido, j\u00e1 est\u00e1 h\u00e1 aproximadamente dez anos sobrevivendo da venda de frutas e verduras. Ele vende numa carro\u00e7a de m\u00e3o pelas ruas e pela avenida Get\u00falio Vargas, mas agora n\u00e3o sabe o que vai fazer se for definitivamente proibido de trabalhar como ambulante.<\/p>\n\n\n\n<p>\u201cN\u00f3s estamos lutando para sobreviver, trabalho aqui h\u00e1&nbsp; quase dez anos, temos lutado muito, por\u00e9m esse prefeito \u00e9 que o mais tem perseguido a gente. Ai eu pergunto, vou viver do que?\u201d, indagou Dudu.<\/p>\n\n\n\n<p>Os ficais alegaram que o impedimento se d\u00e1 porque o senhor fica em uma cal\u00e7ada movimentada do centro, atrapalhando a passagem dos pedestres. Dudu afirmou que n\u00e3o atrapalha, pois o local \u00e9 largo e tem espa\u00e7o. O ambulante ainda se defendeu dizendo que n\u00e3o fica muito tempo no local.<\/p>\n\n\n\n<p>Ao ser vinculada a not\u00edcia na imprensa do Vale do Pianc\u00f3, internautas de imediato se solidarizaram com o senhor e condenaram a atitude da fiscaliza\u00e7\u00e3o. \u201cTriste ver uma coisa dessas. Uma pessoa querendo ganhar seu p\u00e3o de cada dia, e outros, que t\u00eam a mesa farta, querendo tirar\u201d, escreveu um.<\/p>\n\n\n\n<p><em>Informa\u00e7\u00f5es Central Vale do Not\u00edcia<\/em><\/p>\n","protected":false},"excerpt":{"rendered":"<p>O vendedor ambulante Vanduir Jos\u00e9 de Almeida, de 57 anos, ficou abalado ao ser impedido pela Prefeitura de vender suas mercadorias pelas ruas em Itaporanga,&hellip; <\/p>\n","protected":false},"author":1,"featured_media":107186,"comment_status":"closed","ping_status":"closed","sticky":false,"template":"","format":"standard","meta":{"sfsi_plus_gutenberg_text_before_share":"","sfsi_plus_gutenberg_show_text_before_share":"","sfsi_plus_gutenberg_icon_type":"","sfsi_plus_gutenberg_icon_alignemt":"","sfsi_plus_gutenburg_max_per_row":"","footnotes":""},"categories":[50,2],"tags":[],"class_list":["post-107185","post","type-post","status-publish","format-standard","has-post-thumbnail","hentry","category-destaque","category-geral"],"_links":{"self":[{"href":"https:\/\/www.caririemacao.com\/1\/wp-json\/wp\/v2\/posts\/107185","targetHints":{"allow":["GET"]}}],"collection":[{"href":"https:\/\/www.caririemacao.com\/1\/wp-json\/wp\/v2\/posts"}],"about":[{"href":"https:\/\/www.caririemacao.com\/1\/wp-json\/wp\/v2\/types\/post"}],"author":[{"embeddable":true,"href":"https:\/\/www.caririemacao.com\/1\/wp-json\/wp\/v2\/users\/1"}],"replies":[{"embeddable":true,"href":"https:\/\/www.caririemacao.com\/1\/wp-json\/wp\/v2\/comments?post=107185"}],"version-history":[{"count":1,"href":"https:\/\/www.caririemacao.com\/1\/wp-json\/wp\/v2\/posts\/107185\/revisions"}],"predecessor-version":[{"id":107187,"href":"https:\/\/www.caririemacao.com\/1\/wp-json\/wp\/v2\/posts\/107185\/revisions\/107187"}],"wp:featuredmedia":[{"embeddable":true,"href":"https:\/\/www.caririemacao.com\/1\/wp-json\/wp\/v2\/media\/107186"}],"wp:attachment":[{"href":"https:\/\/www.caririemacao.com\/1\/wp-json\/wp\/v2\/media?parent=107185"}],"wp:term":[{"taxonomy":"category","embeddable":true,"href":"https:\/\/www.caririemacao.com\/1\/wp-json\/wp\/v2\/categories?post=107185"},{"taxonomy":"post_tag","embeddable":true,"href":"https:\/\/www.caririemacao.com\/1\/wp-json\/wp\/v2\/tags?post=107185"}],"curies":[{"name":"wp","href":"https:\/\/api.w.org\/{rel}","templated":true}]}}