{"id":107190,"date":"2019-07-28T11:33:40","date_gmt":"2019-07-28T14:33:40","guid":{"rendered":"http:\/\/www.caririemacao.com\/1\/?p=107190"},"modified":"2019-07-28T11:33:40","modified_gmt":"2019-07-28T14:33:40","slug":"pelados-em-jampa-grupo-e-flagrado-tirando-fotos-sem-roupa-em-ponto-turistico-de-jp","status":"publish","type":"post","link":"https:\/\/www.caririemacao.com\/1\/2019\/07\/28\/pelados-em-jampa-grupo-e-flagrado-tirando-fotos-sem-roupa-em-ponto-turistico-de-jp\/","title":{"rendered":"Pelados em Jampa: grupo \u00e9 flagrado tirando fotos sem roupa em ponto tur\u00edstico de JP"},"content":{"rendered":"\n<p>Fotos que come\u00e7aram a circular nas redes sociais e aplicativos de compartilhamento de mensagens na madrugada desta sexta-feira (26), intrigam os Pessoenses. Um grupo de pessoas, ainda n\u00e3o identificado, flagrado tirando fotos totalmente sem roupa em frente ao letreiro \u201cEU AMO JAMPA\u201d, no busto de Tamandar\u00e9, entre as praias de Tamba\u00fa e Cabo Branco, na capital paraibana.<\/p>\n\n\n\n<p>De acordo com a legisla\u00e7\u00e3o brasileira Expor os \u00f3rg\u00e3os genitais em lugares p\u00fablicos pode ser considerado ato obsceno, que \u00e9 crime previsto em lei. De acordo com o artigo 233 do c\u00f3digo penal brasileira, a pena para o crime pode chegar a um ano de pris\u00e3o. O delito contudo, muitas vezes n\u00e3o tem puni\u00e7\u00e3o.<\/p>\n\n\n\n<div class=\"wp-block-image\"><figure class=\"aligncenter\"><img decoding=\"async\" data-src=\"http:\/\/hora1pb.com.br\/wp-content\/uploads\/2019\/07\/72A55483-0483-4C9A-A62F-86B9FAAD9430.jpeg\" alt=\"\" class=\"wp-image-14835 lazyload\" src=\"data:image\/svg+xml;base64,PHN2ZyB3aWR0aD0iMSIgaGVpZ2h0PSIxIiB4bWxucz0iaHR0cDovL3d3dy53My5vcmcvMjAwMC9zdmciPjwvc3ZnPg==\" \/><\/figure><\/div>\n\n\n\n<div class=\"wp-block-image\"><figure class=\"aligncenter\"><img decoding=\"async\" data-src=\"http:\/\/hora1pb.com.br\/wp-content\/uploads\/2019\/07\/80366AFB-610B-4385-B2C6-E702D222A9A2.jpeg\" alt=\"\" class=\"wp-image-14834 lazyload\" src=\"data:image\/svg+xml;base64,PHN2ZyB3aWR0aD0iMSIgaGVpZ2h0PSIxIiB4bWxucz0iaHR0cDovL3d3dy53My5vcmcvMjAwMC9zdmciPjwvc3ZnPg==\" \/><\/figure><\/div>\n","protected":false},"excerpt":{"rendered":"<p>Fotos que come\u00e7aram a circular nas redes sociais e aplicativos de compartilhamento de mensagens na madrugada desta sexta-feira (26), intrigam os Pessoenses. Um grupo de&hellip; <\/p>\n","protected":false},"author":1,"featured_media":107191,"comment_status":"closed","ping_status":"closed","sticky":false,"template":"","format":"standard","meta":{"sfsi_plus_gutenberg_text_before_share":"","sfsi_plus_gutenberg_show_text_before_share":"","sfsi_plus_gutenberg_icon_type":"","sfsi_plus_gutenberg_icon_alignemt":"","sfsi_plus_gutenburg_max_per_row":"","footnotes":""},"categories":[12],"tags":[],"class_list":["post-107190","post","type-post","status-publish","format-standard","has-post-thumbnail","hentry","category-policia"],"_links":{"self":[{"href":"https:\/\/www.caririemacao.com\/1\/wp-json\/wp\/v2\/posts\/107190","targetHints":{"allow":["GET"]}}],"collection":[{"href":"https:\/\/www.caririemacao.com\/1\/wp-json\/wp\/v2\/posts"}],"about":[{"href":"https:\/\/www.caririemacao.com\/1\/wp-json\/wp\/v2\/types\/post"}],"author":[{"embeddable":true,"href":"https:\/\/www.caririemacao.com\/1\/wp-json\/wp\/v2\/users\/1"}],"replies":[{"embeddable":true,"href":"https:\/\/www.caririemacao.com\/1\/wp-json\/wp\/v2\/comments?post=107190"}],"version-history":[{"count":1,"href":"https:\/\/www.caririemacao.com\/1\/wp-json\/wp\/v2\/posts\/107190\/revisions"}],"predecessor-version":[{"id":107192,"href":"https:\/\/www.caririemacao.com\/1\/wp-json\/wp\/v2\/posts\/107190\/revisions\/107192"}],"wp:featuredmedia":[{"embeddable":true,"href":"https:\/\/www.caririemacao.com\/1\/wp-json\/wp\/v2\/media\/107191"}],"wp:attachment":[{"href":"https:\/\/www.caririemacao.com\/1\/wp-json\/wp\/v2\/media?parent=107190"}],"wp:term":[{"taxonomy":"category","embeddable":true,"href":"https:\/\/www.caririemacao.com\/1\/wp-json\/wp\/v2\/categories?post=107190"},{"taxonomy":"post_tag","embeddable":true,"href":"https:\/\/www.caririemacao.com\/1\/wp-json\/wp\/v2\/tags?post=107190"}],"curies":[{"name":"wp","href":"https:\/\/api.w.org\/{rel}","templated":true}]}}