{"id":107195,"date":"2019-07-28T11:35:25","date_gmt":"2019-07-28T14:35:25","guid":{"rendered":"http:\/\/www.caririemacao.com\/1\/?p=107195"},"modified":"2019-07-28T11:35:25","modified_gmt":"2019-07-28T14:35:25","slug":"brasil-tem-24-milhoes-de-criancas-e-adolescentes-em-situacao-de-trabalho-infantil","status":"publish","type":"post","link":"https:\/\/www.caririemacao.com\/1\/2019\/07\/28\/brasil-tem-24-milhoes-de-criancas-e-adolescentes-em-situacao-de-trabalho-infantil\/","title":{"rendered":"Brasil tem 2,4 milh\u00f5es de crian\u00e7as e adolescentes em situa\u00e7\u00e3o de trabalho infantil"},"content":{"rendered":"\n<p>&#8220;Uma&nbsp; menina de 3 anos de idade trabalhando numa casa de farinha. Quando chegamos l\u00e1, ela tinha uma mandioca na m\u00e3o e uma faca na outra, e a chupeta na boca. Que futuro essa crian\u00e7a pode ter?&#8221;<\/p>\n\n\n\n<p>Esse \u00e9 o relato do Procurador Geral do Trabalho, Ronaldo Fleury, no lan\u00e7amento do Observat\u00f3rio da Preven\u00e7\u00e3o e Erradica\u00e7\u00e3o do Trabalho infantil no Brasil, sobre o resgate de uma crian\u00e7a em situa\u00e7\u00e3o de trabalho escravo no interior de Pernambuco.<\/p>\n\n\n\n<p>Segundo as informa\u00e7\u00f5es da Subsecretaria de Inspe\u00e7\u00e3o do Trabalho do Minist\u00e9rio da Economia, quase mil crian\u00e7as e adolescentes v\u00edtimas de trabalho escravo foram resgatadas nos \u00faltimos 15 anos.<\/p>\n\n\n\n<p>Os n\u00fameros indicam que 2 milh\u00f5es e 400 mil crian\u00e7as e adolescentes est\u00e3o em situa\u00e7\u00e3o de trabalho infantil no pa\u00eds, 83% dos casos est\u00e3o na faixa et\u00e1ria de 14 a 17 anos. Mas os registros indicam que, entre as v\u00edtimas, h\u00e1 pelo menos 79 mil crian\u00e7as entre 5 a 9 anos.<\/p>\n\n\n\n<p><br>O observat\u00f3rio mostra ainda que nos \u00faltimos 11 anos foram notificados 300 mil acidentes de trabalho entre crian\u00e7as e adolescentes at\u00e9 17 anos. Nesse per\u00edodo houve quarenta e duas mortes.<\/p>\n\n\n\n<p>A coordenadora nacional de Combate \u00e0&nbsp; Explora\u00e7\u00e3o do Trabalho da Crian\u00e7a e do Adolescente, Patr\u00edcia de Mello Sanfelici, alerta que os n\u00fameros devem ser ainda maiores porque muitos casos n\u00e3o s\u00e3o levados \u00e0s autoridades.<\/p>\n\n\n\n<p>A ferramenta in\u00e9dita criada pelo Minist\u00e9rio P\u00fablico do Trabalho permite cruzar os dados oficiais produzidos por diversos \u00f3rg\u00e3os.<\/p>\n\n\n\n<p>O procurador-geral do Trabalho, Ronaldo Curado Fleury, afirma que a ferramenta permite mapear o trabalho infantil e identificar pol\u00edticas p\u00fablicas que atendam a necessidade de cada munic\u00edpio.&nbsp; E faz cr\u00edticas ao que chama de banaliza\u00e7\u00e3o do trabalho infantil.<\/p>\n\n\n\n<p>Outro dado que chama aten\u00e7\u00e3o s\u00e3o os 2.487 pontos&nbsp; vulner\u00e1veis ao \u00e0 explora\u00e7\u00e3o sexual de crian\u00e7as e adolescentes nas rodovias e estradas federais. O aplicativo&nbsp; consegue compilar todas&nbsp; informa\u00e7\u00f5es sobre o tema produzidas no Brasil. Segundo o procurador, \u00e9 este exemplo de trabalho infantil que deve ser combatido.<\/p>\n\n\n\n<p>Para o diretor do Escrit\u00f3rio da Organiza\u00e7\u00e3o Internacional do Trabalho no Brasil, Martin Hahn, o lan\u00e7amento do Observat\u00f3rio \u00e9 importante para o pa\u00eds cumprir a meta de acabar com o trabalho infantil em todas as suas formas at\u00e9 2025. Meta que est\u00e1 na Agenda 2030 para o Desenvolvimento Sustent\u00e1vel assinada pelo Brasil.<\/p>\n\n\n\n<p><br>Para acessar e conhecer melhor este e outros dados basta acessar o site do Minist\u00e9rio P\u00fablico do Trabalho: mpt.mp.br<\/p>\n","protected":false},"excerpt":{"rendered":"<p>&#8220;Uma&nbsp; menina de 3 anos de idade trabalhando numa casa de farinha. Quando chegamos l\u00e1, ela tinha uma mandioca na m\u00e3o e uma faca na&hellip; <\/p>\n","protected":false},"author":1,"featured_media":26393,"comment_status":"closed","ping_status":"closed","sticky":false,"template":"","format":"standard","meta":{"sfsi_plus_gutenberg_text_before_share":"","sfsi_plus_gutenberg_show_text_before_share":"","sfsi_plus_gutenberg_icon_type":"","sfsi_plus_gutenberg_icon_alignemt":"","sfsi_plus_gutenburg_max_per_row":"","footnotes":""},"categories":[2],"tags":[],"class_list":["post-107195","post","type-post","status-publish","format-standard","has-post-thumbnail","hentry","category-geral"],"_links":{"self":[{"href":"https:\/\/www.caririemacao.com\/1\/wp-json\/wp\/v2\/posts\/107195","targetHints":{"allow":["GET"]}}],"collection":[{"href":"https:\/\/www.caririemacao.com\/1\/wp-json\/wp\/v2\/posts"}],"about":[{"href":"https:\/\/www.caririemacao.com\/1\/wp-json\/wp\/v2\/types\/post"}],"author":[{"embeddable":true,"href":"https:\/\/www.caririemacao.com\/1\/wp-json\/wp\/v2\/users\/1"}],"replies":[{"embeddable":true,"href":"https:\/\/www.caririemacao.com\/1\/wp-json\/wp\/v2\/comments?post=107195"}],"version-history":[{"count":1,"href":"https:\/\/www.caririemacao.com\/1\/wp-json\/wp\/v2\/posts\/107195\/revisions"}],"predecessor-version":[{"id":107196,"href":"https:\/\/www.caririemacao.com\/1\/wp-json\/wp\/v2\/posts\/107195\/revisions\/107196"}],"wp:featuredmedia":[{"embeddable":true,"href":"https:\/\/www.caririemacao.com\/1\/wp-json\/wp\/v2\/media\/26393"}],"wp:attachment":[{"href":"https:\/\/www.caririemacao.com\/1\/wp-json\/wp\/v2\/media?parent=107195"}],"wp:term":[{"taxonomy":"category","embeddable":true,"href":"https:\/\/www.caririemacao.com\/1\/wp-json\/wp\/v2\/categories?post=107195"},{"taxonomy":"post_tag","embeddable":true,"href":"https:\/\/www.caririemacao.com\/1\/wp-json\/wp\/v2\/tags?post=107195"}],"curies":[{"name":"wp","href":"https:\/\/api.w.org\/{rel}","templated":true}]}}