{"id":107199,"date":"2019-07-28T11:37:12","date_gmt":"2019-07-28T14:37:12","guid":{"rendered":"http:\/\/www.caririemacao.com\/1\/?p=107199"},"modified":"2019-07-28T11:37:12","modified_gmt":"2019-07-28T14:37:12","slug":"mais-de-500-mil-alunos-estao-em-atraso-com-o-fies-prazo-de-renegociacao-termina-na-2a-29","status":"publish","type":"post","link":"https:\/\/www.caririemacao.com\/1\/2019\/07\/28\/mais-de-500-mil-alunos-estao-em-atraso-com-o-fies-prazo-de-renegociacao-termina-na-2a-29\/","title":{"rendered":"Mais de 500 mil alunos est\u00e3o em atraso com o Fies; prazo de renegocia\u00e7\u00e3o termina na 2\u00aa (29)"},"content":{"rendered":"\n<p>Termina na segunda-feira, dia 29 de julho, o prazo para o estudante que tem d\u00edvida com o Fies, o Fundo de Financiamento Estudantil, pedir a renegocia\u00e7\u00e3o do valor.<\/p>\n\n\n\n<p>Podem ser renegociados os contratos concedidos at\u00e9 o segundo semestre de 2017, que estejam em fase de amortiza\u00e7\u00e3o e com parcelas atrasadas por, no m\u00ednimo, 90 dias.<\/p>\n\n\n\n<p>A d\u00edvida pode ser parcelada em, pelo menos, 48 meses. O valor da parcela n\u00e3o poder\u00e1 ser menor que 200 reais por m\u00eas.&nbsp;<\/p>\n\n\n\n<p>O estudante interessado em renegociar a d\u00edvida deve procurar a institui\u00e7\u00e3o banc\u00e1ria onde o contrato do Fies foi assinado.<\/p>\n","protected":false},"excerpt":{"rendered":"<p>Termina na segunda-feira, dia 29 de julho, o prazo para o estudante que tem d\u00edvida com o Fies, o Fundo de Financiamento Estudantil, pedir a&hellip; <\/p>\n","protected":false},"author":1,"featured_media":86582,"comment_status":"closed","ping_status":"closed","sticky":false,"template":"","format":"standard","meta":{"sfsi_plus_gutenberg_text_before_share":"","sfsi_plus_gutenberg_show_text_before_share":"","sfsi_plus_gutenberg_icon_type":"","sfsi_plus_gutenberg_icon_alignemt":"","sfsi_plus_gutenburg_max_per_row":"","footnotes":""},"categories":[14],"tags":[],"class_list":["post-107199","post","type-post","status-publish","format-standard","has-post-thumbnail","hentry","category-educacao"],"_links":{"self":[{"href":"https:\/\/www.caririemacao.com\/1\/wp-json\/wp\/v2\/posts\/107199","targetHints":{"allow":["GET"]}}],"collection":[{"href":"https:\/\/www.caririemacao.com\/1\/wp-json\/wp\/v2\/posts"}],"about":[{"href":"https:\/\/www.caririemacao.com\/1\/wp-json\/wp\/v2\/types\/post"}],"author":[{"embeddable":true,"href":"https:\/\/www.caririemacao.com\/1\/wp-json\/wp\/v2\/users\/1"}],"replies":[{"embeddable":true,"href":"https:\/\/www.caririemacao.com\/1\/wp-json\/wp\/v2\/comments?post=107199"}],"version-history":[{"count":1,"href":"https:\/\/www.caririemacao.com\/1\/wp-json\/wp\/v2\/posts\/107199\/revisions"}],"predecessor-version":[{"id":107200,"href":"https:\/\/www.caririemacao.com\/1\/wp-json\/wp\/v2\/posts\/107199\/revisions\/107200"}],"wp:featuredmedia":[{"embeddable":true,"href":"https:\/\/www.caririemacao.com\/1\/wp-json\/wp\/v2\/media\/86582"}],"wp:attachment":[{"href":"https:\/\/www.caririemacao.com\/1\/wp-json\/wp\/v2\/media?parent=107199"}],"wp:term":[{"taxonomy":"category","embeddable":true,"href":"https:\/\/www.caririemacao.com\/1\/wp-json\/wp\/v2\/categories?post=107199"},{"taxonomy":"post_tag","embeddable":true,"href":"https:\/\/www.caririemacao.com\/1\/wp-json\/wp\/v2\/tags?post=107199"}],"curies":[{"name":"wp","href":"https:\/\/api.w.org\/{rel}","templated":true}]}}