{"id":107203,"date":"2019-07-28T11:43:20","date_gmt":"2019-07-28T14:43:20","guid":{"rendered":"http:\/\/www.caririemacao.com\/1\/?p=107203"},"modified":"2019-07-28T11:43:20","modified_gmt":"2019-07-28T14:43:20","slug":"bolsonaro-defende-reducao-da-carga-tributaria","status":"publish","type":"post","link":"https:\/\/www.caririemacao.com\/1\/2019\/07\/28\/bolsonaro-defende-reducao-da-carga-tributaria\/","title":{"rendered":"Bolsonaro defende redu\u00e7\u00e3o da carga tribut\u00e1ria"},"content":{"rendered":"\n<p>O presidente Jair Bolsonaro disse hoje (27), no Rio de Janeiro, que o pa\u00eds tem que reduzir a carga de impostos e que deve apresentar uma reforma tribut\u00e1ria depois da aprova\u00e7\u00e3o da reforma da Previd\u00eancia. A afirma\u00e7\u00e3o foi feita durante cerim\u00f4nia de formatura de novos paraquedistas do Ex\u00e9rcito.<br>&nbsp;<br>\u201cQueremos adiantar a reforma da Previd\u00eancia e apresentar nossa reforma tribut\u00e1ria. A reforma m\u00e3e \u00e9 a da Previd\u00eancia. Temos que mostrar para o mundo que gastamos mais do que arrecadamos e queremos equilibrar isso a\u00ed. Depois \u00e9 simplificar. A carga tribut\u00e1ria temos que come\u00e7ar a diminuir, caso contr\u00e1rio voc\u00ea estimula o contrabando e a entrada desse material de outras maneiras, o que \u00e9 ruim para todo mundo\u201d, disse.<\/p>\n\n\n\n<figure class=\"wp-block-image\"><img decoding=\"async\" data-src=\"http:\/\/imagens.ebc.com.br\/mMFBe4AEwkI5BOtnCEdj58HHqPU=\/754x0\/smart\/http:\/\/agenciabrasil.ebc.com.br\/sites\/default\/files\/thumbnails\/image\/20190727113540_mg_3403rj.jpg?itok=yqxOTSXo\" alt=\"O presidente da Rep\u00fablica, Jair Bolsonaro, participa da cerim\u00f4nia de breveta\u00e7\u00e3o, formatura de novos paraquedistas, no 26\u00ba Batalh\u00e3o de Infantaria Paraquedista, na Vila Militar. \" src=\"data:image\/svg+xml;base64,PHN2ZyB3aWR0aD0iMSIgaGVpZ2h0PSIxIiB4bWxucz0iaHR0cDovL3d3dy53My5vcmcvMjAwMC9zdmciPjwvc3ZnPg==\" class=\"lazyload\" \/><\/figure>\n\n\n\n<p>Bolsonaro disse hoje, no Rio de Janeiro, que o Brasil tem que reduzir a carga de impostos&nbsp;&nbsp;&nbsp;&nbsp;<strong>(<\/strong><strong>Fernando Fraz\u00e3o\/Ag\u00eancia Brasil)<\/strong><br><\/p>\n\n\n\n<p>O presidente voltou a defender a nomea\u00e7\u00e3o de seu filho, Eduardo Bolsonaro, que \u00e9 deputado federal, como embaixador brasileiro nos Estados Unidos. \u201cVoc\u00eas acham que eu botaria um filho meu num posto de destaque como esse para pagar vexame? Eu quero um contato imediato, r\u00e1pido, com o presidente norte-americano\u201d.<\/p>\n\n\n\n<h2 class=\"wp-block-heading\">Explica\u00e7\u00e3o<\/h2>\n\n\n\n<p>Durante entrevista, depois da cerim\u00f4nia na 26\u00aa Brigada de Infantaria Paraquedista, na Vila Militar, Bolsonaro tamb\u00e9m falou sobre o dia do casamento do filho, Eduardo Bolsonaro,&nbsp; em maio. No dia, de acordo com o presidente, ele e alguns membros da fam\u00edlia foram levados \u00e0 cerim\u00f4nia em um helic\u00f3ptero da For\u00e7a A\u00e9rea Brasileira (FAB). O presidente destacou que n\u00e3o cometeu nenhuma irregularidade.<br>&nbsp;<br>\u201cEu fui no casamento do meu filho. Minha fam\u00edlia da regi\u00e3o do Vale do Ribeira estava comigo. Eu vou negar o helic\u00f3ptero pra ir pra l\u00e1? E mandar de carro pra l\u00e1? N\u00e3o gastei nada al\u00e9m do que j\u00e1 ia gastar\u201d, disse o presidente.<br>&nbsp;<br>Ele convidou os jornalistas a conferirem seus gastos com cart\u00e3o corporativo e a compararem com os de governos anteriores. \u201cSe eu errar, eu assumo meu erro e arco com as consequ\u00eancias. At\u00e9 o momento, pelo que vejo, nada de errado aconteceu em meu governo\u201d.<br>&nbsp;<br>O presidente disse, ainda, que quer tornar opcional a matr\u00edcula em autoescolas para quem quiser tirar sua carteira de motorista.<\/p>\n\n\n\n<p>\u201cQuem quiser fazer uma autoescola que fa\u00e7a. N\u00e3o pretendo acabar com a autoescola, pretendo [deixar que] quem quiser fazer a prova pr\u00e1tica sem aulas, que fa\u00e7a\u201d.<br>&nbsp;<br>Segundo ele, a meta \u00e9 desburocratizar o Brasil. \u201cEu n\u00e3o sabia que atestado de \u00f3bito tinha validade. \u00c9 grana para cart\u00f3rio. Por que ningu\u00e9m mexe nisso?\u201d, indagou.<\/p>\n","protected":false},"excerpt":{"rendered":"<p>O presidente Jair Bolsonaro disse hoje (27), no Rio de Janeiro, que o pa\u00eds tem que reduzir a carga de impostos e que deve apresentar&hellip; <\/p>\n","protected":false},"author":1,"featured_media":107204,"comment_status":"closed","ping_status":"closed","sticky":false,"template":"","format":"standard","meta":{"sfsi_plus_gutenberg_text_before_share":"","sfsi_plus_gutenberg_show_text_before_share":"","sfsi_plus_gutenberg_icon_type":"","sfsi_plus_gutenberg_icon_alignemt":"","sfsi_plus_gutenburg_max_per_row":"","footnotes":""},"categories":[11],"tags":[],"class_list":["post-107203","post","type-post","status-publish","format-standard","has-post-thumbnail","hentry","category-politica"],"_links":{"self":[{"href":"https:\/\/www.caririemacao.com\/1\/wp-json\/wp\/v2\/posts\/107203","targetHints":{"allow":["GET"]}}],"collection":[{"href":"https:\/\/www.caririemacao.com\/1\/wp-json\/wp\/v2\/posts"}],"about":[{"href":"https:\/\/www.caririemacao.com\/1\/wp-json\/wp\/v2\/types\/post"}],"author":[{"embeddable":true,"href":"https:\/\/www.caririemacao.com\/1\/wp-json\/wp\/v2\/users\/1"}],"replies":[{"embeddable":true,"href":"https:\/\/www.caririemacao.com\/1\/wp-json\/wp\/v2\/comments?post=107203"}],"version-history":[{"count":1,"href":"https:\/\/www.caririemacao.com\/1\/wp-json\/wp\/v2\/posts\/107203\/revisions"}],"predecessor-version":[{"id":107205,"href":"https:\/\/www.caririemacao.com\/1\/wp-json\/wp\/v2\/posts\/107203\/revisions\/107205"}],"wp:featuredmedia":[{"embeddable":true,"href":"https:\/\/www.caririemacao.com\/1\/wp-json\/wp\/v2\/media\/107204"}],"wp:attachment":[{"href":"https:\/\/www.caririemacao.com\/1\/wp-json\/wp\/v2\/media?parent=107203"}],"wp:term":[{"taxonomy":"category","embeddable":true,"href":"https:\/\/www.caririemacao.com\/1\/wp-json\/wp\/v2\/categories?post=107203"},{"taxonomy":"post_tag","embeddable":true,"href":"https:\/\/www.caririemacao.com\/1\/wp-json\/wp\/v2\/tags?post=107203"}],"curies":[{"name":"wp","href":"https:\/\/api.w.org\/{rel}","templated":true}]}}