{"id":107208,"date":"2019-07-28T11:47:02","date_gmt":"2019-07-28T14:47:02","guid":{"rendered":"http:\/\/www.caririemacao.com\/1\/?p=107208"},"modified":"2019-07-28T11:47:02","modified_gmt":"2019-07-28T14:47:02","slug":"assistencia-e-peca-chave-para-saude-da-crianca","status":"publish","type":"post","link":"https:\/\/www.caririemacao.com\/1\/2019\/07\/28\/assistencia-e-peca-chave-para-saude-da-crianca\/","title":{"rendered":"Assist\u00eancia \u00e9 pe\u00e7a chave para sa\u00fade da crian\u00e7a"},"content":{"rendered":"\n<p>Vinte e sete de julho \u00e9 o dia daquele que \u00e9 um dos primeiros a nos segurar nos bra\u00e7os e que tamb\u00e9m nos acompanha durante um bom per\u00edodo da nossa vida. Trata-se do m\u00e9dico pediatra, especialista respons\u00e1vel por cuidar da sa\u00fade da crian\u00e7a e do adolescente.<\/p>\n\n\n\n<p>Mas, afinal, at\u00e9 que idade os filhos devem ser acompanhado por esse m\u00e9dico? Qual a frequ\u00eancia recomendada da ida ao consult\u00f3rio? Muitos pais e m\u00e3es ainda t\u00eam d\u00favidas sobre essas quest\u00f5es. Por isso, nada melhor que aproveitar a passagem da data para san\u00e1-las e ter ainda mais certeza que esse profissional \u00e9 pe\u00e7a chave para o desenvolvimento feliz e saud\u00e1vel do seu filho.<\/p>\n\n\n\n<p>O pediatra do Hospital do Hapvida em Jo\u00e3o Pessoa, Bruno Correia Lima, esclarece que, de acordo com o Estatuto da Crian\u00e7a e do Adolescente, o atendimento ambulatorial em pediatria deve ser feito at\u00e9 os 18 anos. Por\u00e9m, mais do que uma preocupa\u00e7\u00e3o com a idade, o m\u00e9dico lembra que \u00e9 preciso atentar para frequ\u00eancia com que pais e respons\u00e1veis precisam ter com o acompanhamento pedi\u00e1trico dos filhos. J\u00e1 que a parte mais importante da pediatria \u00e9 a preven\u00e7\u00e3o. Ou seja, as consultas servem, mesmo que a crian\u00e7a n\u00e3o esteja doente, para identificar quais os riscos a crian\u00e7a poder\u00e1 ter e tratar eventuais problemas desde cedo.<\/p>\n\n\n\n<p>\u201cNos dois primeiros anos de vida as crian\u00e7as devem fazer o acompanhamento de puericultura, a cada dois meses. Ap\u00f3s este per\u00edodo, se n\u00e3o ocorrer nenhuma doen\u00e7a, a consulta deve ser anual. O m\u00e9dico pediatra \u00e9 respons\u00e1vel pela manuten\u00e7\u00e3o da sa\u00fade das crian\u00e7as. \u00c9 quem faz um acompanhamento da imuniza\u00e7\u00e3o, alimenta\u00e7\u00e3o, desenvolvimento f\u00edsico, cognitivo e motor, al\u00e9m de intervir em momentos de patologias, procurando sempre a manuten\u00e7\u00e3o da sa\u00fade e bem estar das crian\u00e7as e adolescentes\u201d, orienta.<\/p>\n\n\n\n<p>Quanto ao que diz respeito \u00e0 busca por outras especialidades m\u00e9dicas, ele afirma que o pediatra deve fazer uma primeira avalia\u00e7\u00e3o do paciente e, se necess\u00e1rio, encaminhar para outras especialidades. \u201cA n\u00e3o ser em casos de urg\u00eancia ou queixas muito espec\u00edficas de alguma especialidade, como traumatismos, doen\u00e7as oculares, etc\u201d, aponta.<\/p>\n\n\n\n<p>Um pouco de hist\u00f3ria \u2013 De acordo com informa\u00e7\u00f5es da Sociedade Brasileira de Pediatria, o termo pediatria tem origem da jun\u00e7\u00e3o de duas palavras gregas, que s\u00e3o: paidos (crian\u00e7a) e iatreia (processo de cura) e foi criado no ano de 1880. Os primeiros centros m\u00e9dicos especializados surgiram no s\u00e9culo 19, na Europa. O primeiro foi o H\u00f4pital Des Enfants Malades (Hospital das Crian\u00e7as Doentes, em franc\u00eas), que abriu as portas em 1802. Nos Estados Unidos, a novidade aportou em 1855, na Filad\u00e9lfia. Nessa fase destacam-se nomes como o de Dr. George Frederic, m\u00e9dico ingl\u00eas que escreveu Desordens e Doen\u00e7as Comuns das Crian\u00e7as; e Dr. Abraham Jacobi, alem\u00e3o que emigrou para os Estados Unidos e \u00e9 considerado pai da pediatria na Am\u00e9rica.<\/p>\n\n\n\n<p>J\u00e1 no Brasil, em 1910, alguns m\u00e9dicos se organizaram numa associa\u00e7\u00e3o que originou a Sociedade Brasileira de Pediatria (SBP), que tem atuado como representante m\u00e1xima dos interesses da especialidade no pa\u00eds. Atualmente, no Brasil, h\u00e1 cerca de 37 mil pediatras em atividade.<\/p>\n\n\n\n<p><strong>MaisPB<\/strong><\/p>\n","protected":false},"excerpt":{"rendered":"<p>Vinte e sete de julho \u00e9 o dia daquele que \u00e9 um dos primeiros a nos segurar nos bra\u00e7os e que tamb\u00e9m nos acompanha durante&hellip; <\/p>\n","protected":false},"author":1,"featured_media":30539,"comment_status":"closed","ping_status":"closed","sticky":false,"template":"","format":"standard","meta":{"sfsi_plus_gutenberg_text_before_share":"","sfsi_plus_gutenberg_show_text_before_share":"","sfsi_plus_gutenberg_icon_type":"","sfsi_plus_gutenberg_icon_alignemt":"","sfsi_plus_gutenburg_max_per_row":"","footnotes":""},"categories":[16],"tags":[],"class_list":["post-107208","post","type-post","status-publish","format-standard","has-post-thumbnail","hentry","category-saude"],"_links":{"self":[{"href":"https:\/\/www.caririemacao.com\/1\/wp-json\/wp\/v2\/posts\/107208","targetHints":{"allow":["GET"]}}],"collection":[{"href":"https:\/\/www.caririemacao.com\/1\/wp-json\/wp\/v2\/posts"}],"about":[{"href":"https:\/\/www.caririemacao.com\/1\/wp-json\/wp\/v2\/types\/post"}],"author":[{"embeddable":true,"href":"https:\/\/www.caririemacao.com\/1\/wp-json\/wp\/v2\/users\/1"}],"replies":[{"embeddable":true,"href":"https:\/\/www.caririemacao.com\/1\/wp-json\/wp\/v2\/comments?post=107208"}],"version-history":[{"count":1,"href":"https:\/\/www.caririemacao.com\/1\/wp-json\/wp\/v2\/posts\/107208\/revisions"}],"predecessor-version":[{"id":107209,"href":"https:\/\/www.caririemacao.com\/1\/wp-json\/wp\/v2\/posts\/107208\/revisions\/107209"}],"wp:featuredmedia":[{"embeddable":true,"href":"https:\/\/www.caririemacao.com\/1\/wp-json\/wp\/v2\/media\/30539"}],"wp:attachment":[{"href":"https:\/\/www.caririemacao.com\/1\/wp-json\/wp\/v2\/media?parent=107208"}],"wp:term":[{"taxonomy":"category","embeddable":true,"href":"https:\/\/www.caririemacao.com\/1\/wp-json\/wp\/v2\/categories?post=107208"},{"taxonomy":"post_tag","embeddable":true,"href":"https:\/\/www.caririemacao.com\/1\/wp-json\/wp\/v2\/tags?post=107208"}],"curies":[{"name":"wp","href":"https:\/\/api.w.org\/{rel}","templated":true}]}}