{"id":107224,"date":"2019-07-28T11:54:55","date_gmt":"2019-07-28T14:54:55","guid":{"rendered":"http:\/\/www.caririemacao.com\/1\/?p=107224"},"modified":"2019-07-28T11:54:55","modified_gmt":"2019-07-28T14:54:55","slug":"atletico-mg-e-goias-duelam-na-parte-de-cima-da-classificacao","status":"publish","type":"post","link":"https:\/\/www.caririemacao.com\/1\/2019\/07\/28\/atletico-mg-e-goias-duelam-na-parte-de-cima-da-classificacao\/","title":{"rendered":"Atl\u00e9tico-MG e Goi\u00e1s duelam na parte de cima da classifica\u00e7\u00e3o"},"content":{"rendered":"\n<p>Atl\u00e9tico-MG e Goi\u00e1s se enfrentam na parte superior da classifica\u00e7\u00e3o, neste domingo (28), no Serra Dourada, pela 12\u00aa rodada do Campeonato Brasileiro. A partida come\u00e7a \u00e0s 19h.<\/p>\n\n\n\n<p>Com uma vit\u00f3ria e um empate no Nacional desde o rein\u00edcio da competi\u00e7\u00e3o, o Atl\u00e9tico-MG chega \u00e0 rodada deste fim de semana em quarto lugar, com 20 pontos. J\u00e1 o Goi\u00e1s vem de uma derrota e um empate e aparece em nono, com 16 pontos.<\/p>\n\n\n\n<p>Para o confronto deste domingo, o time mineiro deve manter a base da forma\u00e7\u00e3o que iniciou a partida contra o Botafogo na quarta (24), pela Sul-Americana, mas h\u00e1 a expectativa de duas mudan\u00e7as.<\/p>\n\n\n\n<p>A tend\u00eancia \u00e9 que o t\u00e9cnico Rodrigo Santana poupe Jair e F\u00e1bio Santos, que sentiram o desgaste ap\u00f3s a vit\u00f3ria de 1 a 0 no Rio. Ram\u00f3n Mart\u00ednez e Lucas Hern\u00e1ndez s\u00e3o os prov\u00e1veis substitutos.<\/p>\n\n\n\n<p>No Goi\u00e1s, o t\u00e9cnico Claudinei Oliveira sinalizou que ir\u00e1 repetir duas trocas realizadas durante o empate sem gols contra o Ava\u00ed. Assim, o meio-campo deve ter L\u00e9o Sena na vaga de Yago Felipe e Marlone no lugar de Giovanni Augusto.<\/p>\n\n\n\n<p>Uma terceira altera\u00e7\u00e3o pode ocorrer, mas no ataque, com Leandro Barcia em vez de Renatinho.<\/p>\n\n\n\n<p>GOI\u00c1S<br>Tadeu; Daniel Guedes, Yago, Rafael Vaz e Jefferson; Geovane, L\u00e9o Sena e Marlone; Michael, Kayke e Leandro Barcia. T.: Claudinei Oliveira<\/p>\n\n\n\n<p>ATL\u00c9TICO-MG<br>Cleiton; Patric, R\u00e9ver, Igor Rabello e Lucas Hern\u00e1ndez; Ram\u00f3n Mart\u00ednez; Char\u00e1, Elias, Vin\u00edcius e Otero; Alerrandro. T.: Rodrigo Santana<\/p>\n\n\n\n<p>Local: Serra Dourada, em Goi\u00e2nia<br>Hor\u00e1rio: 19h (de Bras\u00edlia)<br>\u00c1rbitro: Luiz Fl\u00e1vio de Oliveira (SP)<br>\u00c1rbitro de V\u00eddeo: Rodrigo G. Ferreira do Amaral (SP)<\/p>\n","protected":false},"excerpt":{"rendered":"<p>Atl\u00e9tico-MG e Goi\u00e1s se enfrentam na parte superior da classifica\u00e7\u00e3o, neste domingo (28), no Serra Dourada, pela 12\u00aa rodada do Campeonato Brasileiro. A partida come\u00e7a&hellip; <\/p>\n","protected":false},"author":1,"featured_media":107225,"comment_status":"closed","ping_status":"closed","sticky":false,"template":"","format":"standard","meta":{"sfsi_plus_gutenberg_text_before_share":"","sfsi_plus_gutenberg_show_text_before_share":"","sfsi_plus_gutenberg_icon_type":"","sfsi_plus_gutenberg_icon_alignemt":"","sfsi_plus_gutenburg_max_per_row":"","footnotes":""},"categories":[13],"tags":[],"class_list":["post-107224","post","type-post","status-publish","format-standard","has-post-thumbnail","hentry","category-esportes"],"_links":{"self":[{"href":"https:\/\/www.caririemacao.com\/1\/wp-json\/wp\/v2\/posts\/107224","targetHints":{"allow":["GET"]}}],"collection":[{"href":"https:\/\/www.caririemacao.com\/1\/wp-json\/wp\/v2\/posts"}],"about":[{"href":"https:\/\/www.caririemacao.com\/1\/wp-json\/wp\/v2\/types\/post"}],"author":[{"embeddable":true,"href":"https:\/\/www.caririemacao.com\/1\/wp-json\/wp\/v2\/users\/1"}],"replies":[{"embeddable":true,"href":"https:\/\/www.caririemacao.com\/1\/wp-json\/wp\/v2\/comments?post=107224"}],"version-history":[{"count":1,"href":"https:\/\/www.caririemacao.com\/1\/wp-json\/wp\/v2\/posts\/107224\/revisions"}],"predecessor-version":[{"id":107226,"href":"https:\/\/www.caririemacao.com\/1\/wp-json\/wp\/v2\/posts\/107224\/revisions\/107226"}],"wp:featuredmedia":[{"embeddable":true,"href":"https:\/\/www.caririemacao.com\/1\/wp-json\/wp\/v2\/media\/107225"}],"wp:attachment":[{"href":"https:\/\/www.caririemacao.com\/1\/wp-json\/wp\/v2\/media?parent=107224"}],"wp:term":[{"taxonomy":"category","embeddable":true,"href":"https:\/\/www.caririemacao.com\/1\/wp-json\/wp\/v2\/categories?post=107224"},{"taxonomy":"post_tag","embeddable":true,"href":"https:\/\/www.caririemacao.com\/1\/wp-json\/wp\/v2\/tags?post=107224"}],"curies":[{"name":"wp","href":"https:\/\/api.w.org\/{rel}","templated":true}]}}