{"id":107227,"date":"2019-07-28T11:58:25","date_gmt":"2019-07-28T14:58:25","guid":{"rendered":"http:\/\/www.caririemacao.com\/1\/?p=107227"},"modified":"2019-07-28T11:58:25","modified_gmt":"2019-07-28T14:58:25","slug":"caixa-economica-federal-convoca-aprovados-em-concurso","status":"publish","type":"post","link":"https:\/\/www.caririemacao.com\/1\/2019\/07\/28\/caixa-economica-federal-convoca-aprovados-em-concurso\/","title":{"rendered":"Caixa Econ\u00f4mica Federal convoca aprovados em concurso"},"content":{"rendered":"\n<p>Com o objetivo de contratar at\u00e9 2.000 novos empregados com defici\u00eancia em 2019, mais 1.000 candidatos PcD (pessoas com defici\u00eancia) aprovados no Concurso de 2014 ser\u00e3o convocados at\u00e9 o final deste m\u00eas de julho para as etapas pr\u00e9-admissionais.<\/p>\n\n\n\n<p>Na primeira onda de convoca\u00e7\u00f5es, em junho, foram chamados 299 candidatos PcD, que resultaram em 174 admiss\u00f5es.<\/p>\n\n\n\n<p>&nbsp;A previs\u00e3o de admiss\u00e3o \u00e9 para agosto.<\/p>\n\n\n\n<p>Essas novas convoca\u00e7\u00f5es j\u00e1 come\u00e7aram e podem ser acompanhadas no site da CAIXA, na \u00e1rea de documentos para download:&nbsp;<a href=\"http:\/\/www.caixa.gov.br\/site\/paginas\/downloads.aspx\">http:\/\/www.caixa.gov.br\/site\/paginas\/downloads.aspx<\/a>, item: Concurso P\u00fablico \u2013 Admissional.<\/p>\n","protected":false},"excerpt":{"rendered":"<p>Com o objetivo de contratar at\u00e9 2.000 novos empregados com defici\u00eancia em 2019, mais 1.000 candidatos PcD (pessoas com defici\u00eancia) aprovados no Concurso de 2014&hellip; <\/p>\n","protected":false},"author":1,"featured_media":59745,"comment_status":"closed","ping_status":"closed","sticky":false,"template":"","format":"standard","meta":{"sfsi_plus_gutenberg_text_before_share":"","sfsi_plus_gutenberg_show_text_before_share":"","sfsi_plus_gutenberg_icon_type":"","sfsi_plus_gutenberg_icon_alignemt":"","sfsi_plus_gutenburg_max_per_row":"","footnotes":""},"categories":[2],"tags":[],"class_list":["post-107227","post","type-post","status-publish","format-standard","has-post-thumbnail","hentry","category-geral"],"_links":{"self":[{"href":"https:\/\/www.caririemacao.com\/1\/wp-json\/wp\/v2\/posts\/107227","targetHints":{"allow":["GET"]}}],"collection":[{"href":"https:\/\/www.caririemacao.com\/1\/wp-json\/wp\/v2\/posts"}],"about":[{"href":"https:\/\/www.caririemacao.com\/1\/wp-json\/wp\/v2\/types\/post"}],"author":[{"embeddable":true,"href":"https:\/\/www.caririemacao.com\/1\/wp-json\/wp\/v2\/users\/1"}],"replies":[{"embeddable":true,"href":"https:\/\/www.caririemacao.com\/1\/wp-json\/wp\/v2\/comments?post=107227"}],"version-history":[{"count":1,"href":"https:\/\/www.caririemacao.com\/1\/wp-json\/wp\/v2\/posts\/107227\/revisions"}],"predecessor-version":[{"id":107229,"href":"https:\/\/www.caririemacao.com\/1\/wp-json\/wp\/v2\/posts\/107227\/revisions\/107229"}],"wp:featuredmedia":[{"embeddable":true,"href":"https:\/\/www.caririemacao.com\/1\/wp-json\/wp\/v2\/media\/59745"}],"wp:attachment":[{"href":"https:\/\/www.caririemacao.com\/1\/wp-json\/wp\/v2\/media?parent=107227"}],"wp:term":[{"taxonomy":"category","embeddable":true,"href":"https:\/\/www.caririemacao.com\/1\/wp-json\/wp\/v2\/categories?post=107227"},{"taxonomy":"post_tag","embeddable":true,"href":"https:\/\/www.caririemacao.com\/1\/wp-json\/wp\/v2\/tags?post=107227"}],"curies":[{"name":"wp","href":"https:\/\/api.w.org\/{rel}","templated":true}]}}