{"id":107234,"date":"2019-07-28T12:18:48","date_gmt":"2019-07-28T15:18:48","guid":{"rendered":"http:\/\/www.caririemacao.com\/1\/?p=107234"},"modified":"2019-07-28T12:18:48","modified_gmt":"2019-07-28T15:18:48","slug":"joao-e-governadores-do-ne-fazem-primeira-reuniao-apos-ataques-de-bolsonaro-a-regiao","status":"publish","type":"post","link":"https:\/\/www.caririemacao.com\/1\/2019\/07\/28\/joao-e-governadores-do-ne-fazem-primeira-reuniao-apos-ataques-de-bolsonaro-a-regiao\/","title":{"rendered":"Jo\u00e3o e governadores do NE fazem primeira reuni\u00e3o ap\u00f3s ataques de Bolsonaro \u00e0 regi\u00e3o"},"content":{"rendered":"\n<p>Os governadores do Nordeste se re\u00fanem nesta segunda-feira (29) na Bahia. Ser\u00e1 a primeira vez que eles se encontram ap\u00f3s terem sido chamados de \u201cgovernadores de para\u00edba\u201d pelo presidente\u00a0Jair Bolsonaro. Mesmo assim, garantem que a pauta oficial do f\u00f3rum \u00e9 mesmo o Cons\u00f3rcio Nordeste. Principal alvo das cr\u00edticas do chefe do Executivo, o governador do Maranh\u00e3o,\u00a0Fl\u00e1vio Dino (PCdoB), explica que ser\u00e1 com uma agenda de trabalho que o Nordeste vai responder ao presidente.<\/p>\n\n\n\n<p>\u201cEnquanto alguns querem criar conflitos com o Nordeste, n\u00f3s queremos trabalho, a\u00e7\u00e3o e resultados. \u00c9 isso que vamos procurar distinguir. Ent\u00e3o, a reuni\u00e3o vai ser marcada sobretudo pela agenda do Cons\u00f3rcio Nordeste\u201d, declarou Fl\u00e1vio Dino.<\/p>\n\n\n\n<p>Para Bolsonaro, Dino \u00e9 \u201co pior dos governadores de Para\u00edba\u201d e n\u00e3o deveria receber nada por isso. Na \u00faltima pesquisa do&nbsp;Painel do Poder, por\u00e9m, o maranhense foi o governador mais bem avaliado pelos parlamentares entrevistados pelo&nbsp;Congresso em Foco&nbsp;em parceria com a In Press Oficina.<\/p>\n\n\n\n<p>Outros governadores endossaram a pauta do Cons\u00f3rcio Nordeste e explicaram que, apesar de acontecer exatamente dez dias depois da declara\u00e7\u00e3o do presidente, o encontro j\u00e1 estava marcado anteriormente. O fato de o f\u00f3rum ser realizado na Bahia, estado em que o governador Rui Costa (PT) se recusou a participar de uma agenda ao lado do chefe do Executivo por conta da declara\u00e7\u00e3o considerada racista pelos nordestinos, tamb\u00e9m foi apontada como uma coincid\u00eancia. Afinal, Costa recebe a reuni\u00e3o porque foi escolhido para ser o primeiro presidente do Cons\u00f3rcio Nordeste.<\/p>\n\n\n\n<p>\u201cUma agenda de trabalho \u00e9 a principal resposta que n\u00f3s podemos dar. \u00c9 mostrar que n\u00f3s estamos pensando no Brasil e, sobretudo, na parte do Brasil que nos cabe, que s\u00e3o os estados que governamos\u201d, refor\u00e7ou Fl\u00e1vio Dino, lembrando que os\u00a0governadores do Nordeste\u00a0j\u00e1 se posicionaram contra a declara\u00e7\u00e3o do presidente atrav\u00e9s de uma carta em que cobraram explica\u00e7\u00f5es do Executivo em rela\u00e7\u00e3o \u00e0 poss\u00edvel restri\u00e7\u00e3o de recursos a estados nordestinos.<\/p>\n\n\n\n<p>\u00c9 para resolver problemas financeiros como esse, por sinal, que os governadores se encontram nesta segunda. A ideia principal do encontro \u00e9 lan\u00e7ar oficialmente e definir o plano de trabalho do Cons\u00f3rcio Nordeste \u2013 projeto que estabelece uma parceria entre os nove estados da regi\u00e3o para agilizar, facilitar e baratear processos burocr\u00e1ticos, al\u00e9m de permitir a\u00e7\u00f5es conjuntas em temas como o desenvolvimento social, econ\u00f4mico e ambiental. Uma das ideias \u00e9, por exemplo, realizar licita\u00e7\u00f5es conjuntas que garantam a compra de materiais para todos os estados com pre\u00e7os menores que os que seriam praticados em licita\u00e7\u00f5es individuais, de menor escala.<\/p>\n\n\n\n<p>\u201cNesta reuni\u00e3o, vamos tomar a\u00e7\u00f5es importantes para o avan\u00e7o do cons\u00f3rcio. Vamos aprovar a&nbsp; dire\u00e7\u00e3o administrativa e o primeiro plano de trabalho, com temas de desenvolvimento econ\u00f4mico como o turismo e as compras conjuntas\u201d, explicou Dino. Ele lembrou que, apesar de falar-se sobre o cons\u00f3rcio desde o in\u00edcio do ano, s\u00f3 agora ser\u00e1 poss\u00edvel fazer isso porque foi nas \u00faltimas semanas que a cria\u00e7\u00e3o do cons\u00f3rcio foi aprovada nas assembleias legislativas dos nove estados nordestinos, o que permitiu estruturar legalmente e dar CNPJ ao projeto.<\/p>\n\n\n\n<p>Apesar de buscar mais independ\u00eancia financeira atrav\u00e9s do Cons\u00f3rcio Nordeste, o governador do Maranh\u00e3o admitiu, por sua vez, que seria positivo ver o governo federal estreitando o di\u00e1logo com o Nordeste. \u201cO interesse da na\u00e7\u00e3o deve estar acima de prefer\u00eancias pol\u00edticas ou eventuais antipatias partid\u00e1rias. E em uma federa\u00e7\u00e3o em que as compet\u00eancias est\u00e3o divididas entre governo federal, estados e prefeituras, a maior coopera\u00e7\u00e3o poss\u00edvel deve ser buscada\u201d, afirmou Dino, dizendo esperar que a pol\u00eamica criada em torno das \u00faltimas declara\u00e7\u00f5es do presidente sobre o Nordeste sirva para que Bolsonaro reveja sua rela\u00e7\u00e3o com a regi\u00e3o. Com informa\u00e7\u00f5es do Congresso em Foco.<\/p>\n","protected":false},"excerpt":{"rendered":"<p>Os governadores do Nordeste se re\u00fanem nesta segunda-feira (29) na Bahia. Ser\u00e1 a primeira vez que eles se encontram ap\u00f3s terem sido chamados de \u201cgovernadores&hellip; <\/p>\n","protected":false},"author":1,"featured_media":107235,"comment_status":"closed","ping_status":"closed","sticky":false,"template":"","format":"standard","meta":{"sfsi_plus_gutenberg_text_before_share":"","sfsi_plus_gutenberg_show_text_before_share":"","sfsi_plus_gutenberg_icon_type":"","sfsi_plus_gutenberg_icon_alignemt":"","sfsi_plus_gutenburg_max_per_row":"","footnotes":""},"categories":[11],"tags":[],"class_list":["post-107234","post","type-post","status-publish","format-standard","has-post-thumbnail","hentry","category-politica"],"_links":{"self":[{"href":"https:\/\/www.caririemacao.com\/1\/wp-json\/wp\/v2\/posts\/107234","targetHints":{"allow":["GET"]}}],"collection":[{"href":"https:\/\/www.caririemacao.com\/1\/wp-json\/wp\/v2\/posts"}],"about":[{"href":"https:\/\/www.caririemacao.com\/1\/wp-json\/wp\/v2\/types\/post"}],"author":[{"embeddable":true,"href":"https:\/\/www.caririemacao.com\/1\/wp-json\/wp\/v2\/users\/1"}],"replies":[{"embeddable":true,"href":"https:\/\/www.caririemacao.com\/1\/wp-json\/wp\/v2\/comments?post=107234"}],"version-history":[{"count":1,"href":"https:\/\/www.caririemacao.com\/1\/wp-json\/wp\/v2\/posts\/107234\/revisions"}],"predecessor-version":[{"id":107236,"href":"https:\/\/www.caririemacao.com\/1\/wp-json\/wp\/v2\/posts\/107234\/revisions\/107236"}],"wp:featuredmedia":[{"embeddable":true,"href":"https:\/\/www.caririemacao.com\/1\/wp-json\/wp\/v2\/media\/107235"}],"wp:attachment":[{"href":"https:\/\/www.caririemacao.com\/1\/wp-json\/wp\/v2\/media?parent=107234"}],"wp:term":[{"taxonomy":"category","embeddable":true,"href":"https:\/\/www.caririemacao.com\/1\/wp-json\/wp\/v2\/categories?post=107234"},{"taxonomy":"post_tag","embeddable":true,"href":"https:\/\/www.caririemacao.com\/1\/wp-json\/wp\/v2\/tags?post=107234"}],"curies":[{"name":"wp","href":"https:\/\/api.w.org\/{rel}","templated":true}]}}