{"id":107247,"date":"2019-07-28T21:29:55","date_gmt":"2019-07-29T00:29:55","guid":{"rendered":"http:\/\/www.caririemacao.com\/1\/?p=107247"},"modified":"2019-07-28T21:29:55","modified_gmt":"2019-07-29T00:29:55","slug":"policia-registra-assaltos-a-postos-de-combustiveis-acidente-e-violencia-domestica-em-monteiro","status":"publish","type":"post","link":"https:\/\/www.caririemacao.com\/1\/2019\/07\/28\/policia-registra-assaltos-a-postos-de-combustiveis-acidente-e-violencia-domestica-em-monteiro\/","title":{"rendered":"Pol\u00edcia registra assaltos a postos de combust\u00edveis, acidente e viol\u00eancia dom\u00e9stica em Monteiro"},"content":{"rendered":"\n<div class=\"wp-block-image\"><figure class=\"alignleft\"><img decoding=\"async\" data-src=\"https:\/\/i2.wp.com\/www.vitrinedocariri.com.br\/wp-content\/uploads\/2019\/03\/sirene_policia.jpg?zoom=2&amp;resize=330%2C220&amp;ssl=1\" alt=\"\" class=\"wp-image-39248 lazyload\" src=\"data:image\/svg+xml;base64,PHN2ZyB3aWR0aD0iMSIgaGVpZ2h0PSIxIiB4bWxucz0iaHR0cDovL3d3dy53My5vcmcvMjAwMC9zdmciPjwvc3ZnPg==\" \/><\/figure><\/div>\n\n\n\n<p>A noite do s\u00e1bado (27), foi bastante movimentada na \u00e1rea policial em Monteiro. Dois postos de combust\u00edveis foram assaltadas. O primeiro caso ocorreu no Posto Brasil, por volta das 23h, quando um homem armado chegou em uma moto e anunciou o assalto.<\/p>\n\n\n\n<p>J\u00e1 o segundo assalto ocorreu no Posto Avante, quando um homem com as mesmas caracter\u00edsticas chegou e anunciou o assalto ap\u00f3s render o frentista, em uma moto Honda Br\u00f3s.<\/p>\n\n\n\n<p>Um acidente tamb\u00e9m foi registrado na PB-264, que liga os munic\u00edpios de Monteiro e Zabel\u00ea. Uma motocicleta que seguia com tr\u00eas pessoas colidiu em um animal que estava na pista. Os tr\u00eas ocupantes da moto foram socorridas pelo SAMU e levadas para o Hospital Regional de Monteiro.<\/p>\n\n\n\n<p>A Pol\u00edcia ainda registou ocorr\u00eancias de conflitos interpessoais e viol\u00eancia dom\u00e9stica em Monteiro e em outras cidades do Cariri.<br><\/p>\n\n\n\n<p>Informa\u00e7\u00f5es da R\u00e1dio 95FM<\/p>\n\n\n\n<p><\/p>\n","protected":false},"excerpt":{"rendered":"<p>A noite do s\u00e1bado (27), foi bastante movimentada na \u00e1rea policial em Monteiro. Dois postos de combust\u00edveis foram assaltadas. O primeiro caso ocorreu no Posto&hellip; <\/p>\n","protected":false},"author":1,"featured_media":41593,"comment_status":"closed","ping_status":"closed","sticky":false,"template":"","format":"standard","meta":{"sfsi_plus_gutenberg_text_before_share":"","sfsi_plus_gutenberg_show_text_before_share":"","sfsi_plus_gutenberg_icon_type":"","sfsi_plus_gutenberg_icon_alignemt":"","sfsi_plus_gutenburg_max_per_row":"","footnotes":""},"categories":[50,12],"tags":[],"class_list":["post-107247","post","type-post","status-publish","format-standard","has-post-thumbnail","hentry","category-destaque","category-policia"],"_links":{"self":[{"href":"https:\/\/www.caririemacao.com\/1\/wp-json\/wp\/v2\/posts\/107247","targetHints":{"allow":["GET"]}}],"collection":[{"href":"https:\/\/www.caririemacao.com\/1\/wp-json\/wp\/v2\/posts"}],"about":[{"href":"https:\/\/www.caririemacao.com\/1\/wp-json\/wp\/v2\/types\/post"}],"author":[{"embeddable":true,"href":"https:\/\/www.caririemacao.com\/1\/wp-json\/wp\/v2\/users\/1"}],"replies":[{"embeddable":true,"href":"https:\/\/www.caririemacao.com\/1\/wp-json\/wp\/v2\/comments?post=107247"}],"version-history":[{"count":1,"href":"https:\/\/www.caririemacao.com\/1\/wp-json\/wp\/v2\/posts\/107247\/revisions"}],"predecessor-version":[{"id":107248,"href":"https:\/\/www.caririemacao.com\/1\/wp-json\/wp\/v2\/posts\/107247\/revisions\/107248"}],"wp:featuredmedia":[{"embeddable":true,"href":"https:\/\/www.caririemacao.com\/1\/wp-json\/wp\/v2\/media\/41593"}],"wp:attachment":[{"href":"https:\/\/www.caririemacao.com\/1\/wp-json\/wp\/v2\/media?parent=107247"}],"wp:term":[{"taxonomy":"category","embeddable":true,"href":"https:\/\/www.caririemacao.com\/1\/wp-json\/wp\/v2\/categories?post=107247"},{"taxonomy":"post_tag","embeddable":true,"href":"https:\/\/www.caririemacao.com\/1\/wp-json\/wp\/v2\/tags?post=107247"}],"curies":[{"name":"wp","href":"https:\/\/api.w.org\/{rel}","templated":true}]}}