{"id":107266,"date":"2019-07-29T07:43:24","date_gmt":"2019-07-29T10:43:24","guid":{"rendered":"http:\/\/www.caririemacao.com\/1\/?p=107266"},"modified":"2019-07-29T07:43:24","modified_gmt":"2019-07-29T10:43:24","slug":"moro-considerou-dificil-de-provar-delacao-de-palocci-contra-lula","status":"publish","type":"post","link":"https:\/\/www.caririemacao.com\/1\/2019\/07\/29\/moro-considerou-dificil-de-provar-delacao-de-palocci-contra-lula\/","title":{"rendered":"Moro considerou &#8216;dif\u00edcil de provar&#8217; dela\u00e7\u00e3o de Palocci contra Lula"},"content":{"rendered":"\n<p>Mensagens trocadas por procuradores da Lava Jato pelo aplicativo Telegram sugerem que Sergio Moro considerou \u201cdif\u00edcil de provar\u201d a dela\u00e7\u00e3o do ex-ministro Antonio Paloccisobre supostos crimes cometidos pelos ex-presidente Luiz In\u00e1cio Lula da Silva e Dilma Rousseff. As den\u00fancias em quest\u00e3o foram divulgadas por Moro no dia 1\u00ba de outubro de 2018, a seis dias do primeiro turno das elei\u00e7\u00f5es presidenciais. Na \u00e9poca, o ent\u00e3o juiz foi acusado por partid\u00e1rios do petista Fernando Haddad de querer prejudicar sua candidatura.<\/p>\n\n\n\n<p>Em di\u00e1logo obtido pelo site The Intercept e divulgado pelo jornal Folha de S. Paulo nesta segunda-feira 29, o procurador Paulo Roberto Galv\u00e3o comenta sobre a dela\u00e7\u00e3o com colegas da for\u00e7a-tarefa da Lava Jato.<\/p>\n\n\n\n<p>\u201cRusso comentou que embora seja dif\u00edcil provar ele [o depoimento de Palocci] \u00e9 o \u00fanico que quebrou a omerta petista\u201d, disse Galv\u00e3o em 25 de setembro de 2018, tratando Moro pelo apelido usado dentro do grupo e associando os petistas \u00e0 Omert\u00e1, o c\u00f3digo de honra da m\u00e1fia italiana. As mensagens s\u00e3o reproduzidas literalmente como foram enviadas no Telegram e publicadas pela Folha de S. Paulo, mantendo eventuais equ\u00edvocos lingu\u00edsticos.<\/p>\n\n\n\n<p>Na conversa, outros membros da opera\u00e7\u00e3o consideram dif\u00edceis de serem provadas as den\u00fancias de Palocci. \u201cN\u00e3o s\u00f3 \u00e9 dif\u00edcil provar, como \u00e9 imposs\u00edvel extrair algo da dela\u00e7\u00e3o dele\u201d, escreveu a procuradora Laura Tessler. \u201cO melhor \u00e9 que [Palocci] fala at\u00e9 daquilo que ele acha que pode ser que talvez seja\u201d, declarou Ant\u00f4nio Carlos Welter.i<\/p>\n\n\n\n<p>O depoimento de Palocci foi tomado pela pol\u00edcia em abril de 2018. Nele, o ex-ministro de governos petistas disse que Lula sabia do recolhimento de propina envolvendo empreiteiras, a Petrobras e partidos pol\u00edticos. Tamb\u00e9m afirmou que as campanhas de Dilma Rousseff foram superfaturadas e receberam dinheiro de caixa dois.<\/p>\n\n\n\n<p>Procurados pela Folha de S. Paulo, o Minist\u00e9rio da Justi\u00e7a e a for\u00e7a-tarefa da Lava Jato em Curitiba defenderam a validade da dela\u00e7\u00e3o de Palocci e levantaram d\u00favidas sobre a autenticidade das mensagens envolvendo procuradores.<\/p>\n","protected":false},"excerpt":{"rendered":"<p>Mensagens trocadas por procuradores da Lava Jato pelo aplicativo Telegram sugerem que Sergio Moro considerou \u201cdif\u00edcil de provar\u201d a dela\u00e7\u00e3o do ex-ministro Antonio Paloccisobre supostos&hellip; <\/p>\n","protected":false},"author":1,"featured_media":107267,"comment_status":"closed","ping_status":"closed","sticky":false,"template":"","format":"standard","meta":{"sfsi_plus_gutenberg_text_before_share":"","sfsi_plus_gutenberg_show_text_before_share":"","sfsi_plus_gutenberg_icon_type":"","sfsi_plus_gutenberg_icon_alignemt":"","sfsi_plus_gutenburg_max_per_row":"","footnotes":""},"categories":[11],"tags":[],"class_list":["post-107266","post","type-post","status-publish","format-standard","has-post-thumbnail","hentry","category-politica"],"_links":{"self":[{"href":"https:\/\/www.caririemacao.com\/1\/wp-json\/wp\/v2\/posts\/107266","targetHints":{"allow":["GET"]}}],"collection":[{"href":"https:\/\/www.caririemacao.com\/1\/wp-json\/wp\/v2\/posts"}],"about":[{"href":"https:\/\/www.caririemacao.com\/1\/wp-json\/wp\/v2\/types\/post"}],"author":[{"embeddable":true,"href":"https:\/\/www.caririemacao.com\/1\/wp-json\/wp\/v2\/users\/1"}],"replies":[{"embeddable":true,"href":"https:\/\/www.caririemacao.com\/1\/wp-json\/wp\/v2\/comments?post=107266"}],"version-history":[{"count":1,"href":"https:\/\/www.caririemacao.com\/1\/wp-json\/wp\/v2\/posts\/107266\/revisions"}],"predecessor-version":[{"id":107268,"href":"https:\/\/www.caririemacao.com\/1\/wp-json\/wp\/v2\/posts\/107266\/revisions\/107268"}],"wp:featuredmedia":[{"embeddable":true,"href":"https:\/\/www.caririemacao.com\/1\/wp-json\/wp\/v2\/media\/107267"}],"wp:attachment":[{"href":"https:\/\/www.caririemacao.com\/1\/wp-json\/wp\/v2\/media?parent=107266"}],"wp:term":[{"taxonomy":"category","embeddable":true,"href":"https:\/\/www.caririemacao.com\/1\/wp-json\/wp\/v2\/categories?post=107266"},{"taxonomy":"post_tag","embeddable":true,"href":"https:\/\/www.caririemacao.com\/1\/wp-json\/wp\/v2\/tags?post=107266"}],"curies":[{"name":"wp","href":"https:\/\/api.w.org\/{rel}","templated":true}]}}