{"id":107279,"date":"2019-07-29T07:52:23","date_gmt":"2019-07-29T10:52:23","guid":{"rendered":"http:\/\/www.caririemacao.com\/1\/?p=107279"},"modified":"2019-07-29T07:52:23","modified_gmt":"2019-07-29T10:52:23","slug":"brasil-conquista-tres-medalhas-em-domingo-de-disputas-no-pan","status":"publish","type":"post","link":"https:\/\/www.caririemacao.com\/1\/2019\/07\/29\/brasil-conquista-tres-medalhas-em-domingo-de-disputas-no-pan\/","title":{"rendered":"Brasil conquista tr\u00eas medalhas em domingo de disputas no Pan"},"content":{"rendered":"\n<p>&nbsp;ciclista Henrique Avancini, 30 anos, terminou a prova de cross country masculino do mountain bike em segundo lugar, ficando com a medalha de prata da categoria&nbsp;nos Jogos Pan-Americanos de Lima, Peru.<\/p>\n\n\n\n<figure class=\"wp-block-image\"><img decoding=\"async\" data-src=\"http:\/\/imagens.ebc.com.br\/UtKNAbTuma7fmCADRlsyrQtz848=\/365x0\/smart\/http:\/\/agenciabrasil.ebc.com.br\/sites\/default\/files\/thumbnails\/image\/48399201111_acb809f893_k.jpg?itok=WD-Jnixj\" alt=\"Henrique Avancini conquista a medalha de prata na disputa de mountain bike masculino\" src=\"data:image\/svg+xml;base64,PHN2ZyB3aWR0aD0iMSIgaGVpZ2h0PSIxIiB4bWxucz0iaHR0cDovL3d3dy53My5vcmcvMjAwMC9zdmciPjwvc3ZnPg==\" class=\"lazyload\" \/><\/figure>\n\n\n\n<p>Henrique Avancini conquista a medalha de prata na disputa de mountain bike masculino &#8211;&nbsp;<strong>Abelardo Mendes Jr\/ rededoesporte.gov.br<\/strong><\/p>\n\n\n\n<p>Esta foi a&nbsp;segunda&nbsp;medalha&nbsp;que os atletas brasileiros&nbsp;conquistaram&nbsp;hoje&nbsp;(28) no ciclismo de montanha.&nbsp;Mais cedo, a&nbsp;brasileira Jaqueline Mour\u00e3o, 43 anos,&nbsp;j\u00e1 tinha faturado&nbsp;a&nbsp;<a href=\"http:\/\/agenciabrasil.ebc.com.br\/geral\/noticia\/2019-07\/brasileira-conquista-medalha-de-bronze-no-ciclismo-de-montanha\" target=\"_blank\" rel=\"noreferrer noopener\">medalha de bronze&nbsp;do cross country feminino<\/a>.<\/p>\n\n\n\n<p>Tamb\u00e9m neste domingo (28), o&nbsp;coronel da For\u00e7a A\u00e9rea Brasileira (FAB)&nbsp;J\u00falio&nbsp;Almeida&nbsp;Antonio de Souza, 49 anos, ganhou uma medalha de bronze. Atleta de tiro esportivo, ele marcou 217.3 pontos na categoria 10 metros com pistola de ar, ficando atr\u00e1s do cubano Jorge Potrill\u00e9 (237.3 pontos) e do norte-americano Nickolaus Mowrer (236.7).<\/p>\n\n\n\n<p>Ainda&nbsp;esta noite, atletas brasileiros disputam medalhas na gin\u00e1stica art\u00edstica masculina&nbsp;e no taekwondo, categoria abaixo dos 68 quilos, com Edival Marques, 21 anos.<\/p>\n\n\n\n<figure class=\"wp-block-image\"><img decoding=\"async\" data-src=\"http:\/\/imagens.ebc.com.br\/RA9g25MQr2Zp2qCiiVKVSrhoAuI=\/365x0\/smart\/http:\/\/agenciabrasil.ebc.com.br\/sites\/default\/files\/thumbnails\/image\/48398139446_ec79269eb9_k.jpg?itok=24kjwKc1\" alt=\"J\u00falio Almeida conquista a medalha de bronze na competi\u00e7\u00e3o com a pistola de ar de 10m nos Jogos Pan-Americanos\" src=\"data:image\/svg+xml;base64,PHN2ZyB3aWR0aD0iMSIgaGVpZ2h0PSIxIiB4bWxucz0iaHR0cDovL3d3dy53My5vcmcvMjAwMC9zdmciPjwvc3ZnPg==\" class=\"lazyload\" \/><\/figure>\n\n\n\n<p>J\u00falio Almeida conquista a medalha de bronze na competi\u00e7\u00e3o com a pistola de ar de 10m nos Jogos Pan-Americanos &#8211;&nbsp;<strong>Pedro Ramos\/ rededoesporte.gov.br<\/strong><\/p>\n\n\n\n<p>At\u00e9 o momento, o Brasil ocupa a s\u00e9tima posi\u00e7\u00e3o no quadro de resultados. Com 11 medalhas ganhas, sendo duas de ouro; quatro de prata e cinco de bronze, o pa\u00eds aparece&nbsp;atr\u00e1s do M\u00e9xico (21); dos Estados Unidos (20); da Argentina (9); do Peru&nbsp;(8); de Cuba (7) e do Canad\u00e1 (12).<\/p>\n\n\n\n<h2 class=\"wp-block-heading\">Primeiro dia<\/h2>\n\n\n\n<p>O Brasil conquistou oito medalhas durante o primeiro dia de disputas&nbsp;dos Jogos Pan-Americanos,&nbsp;ontem&nbsp;(27). Luisa Baptista,&nbsp;25, e Bruna Wurts, 18, ficaram com o ouro no triatlo individual feminino e na patina\u00e7\u00e3o art\u00edstica, respectivamente.<\/p>\n\n\n\n<p>As tr\u00eas medalhas de prata&nbsp;que o Brasil obteve&nbsp;ontem&nbsp;foram conquistadas pela atleta do taekwondo,&nbsp;Talisca Reis, 29, e pelos triatletas&nbsp;Manoel Messias, 22,&nbsp;e Vittoria Lopes, 23. O bom resultado brasileiro no primeiro dia de disputas contou ainda com as medalhas&nbsp;de bronze&nbsp;obtidas&nbsp;pela equipe feminina de gin\u00e1stica art\u00edstica;&nbsp;pelo patinador art\u00edstico Gustavo Casado, 28;&nbsp;e por Paulo Souza, do taekwondo, na categoria abaixo de 58 quilos.<\/p>\n","protected":false},"excerpt":{"rendered":"<p>&nbsp;ciclista Henrique Avancini, 30 anos, terminou a prova de cross country masculino do mountain bike em segundo lugar, ficando com a medalha de prata da&hellip; <\/p>\n","protected":false},"author":1,"featured_media":81310,"comment_status":"closed","ping_status":"closed","sticky":false,"template":"","format":"standard","meta":{"sfsi_plus_gutenberg_text_before_share":"","sfsi_plus_gutenberg_show_text_before_share":"","sfsi_plus_gutenberg_icon_type":"","sfsi_plus_gutenberg_icon_alignemt":"","sfsi_plus_gutenburg_max_per_row":"","footnotes":""},"categories":[13],"tags":[],"class_list":["post-107279","post","type-post","status-publish","format-standard","has-post-thumbnail","hentry","category-esportes"],"_links":{"self":[{"href":"https:\/\/www.caririemacao.com\/1\/wp-json\/wp\/v2\/posts\/107279","targetHints":{"allow":["GET"]}}],"collection":[{"href":"https:\/\/www.caririemacao.com\/1\/wp-json\/wp\/v2\/posts"}],"about":[{"href":"https:\/\/www.caririemacao.com\/1\/wp-json\/wp\/v2\/types\/post"}],"author":[{"embeddable":true,"href":"https:\/\/www.caririemacao.com\/1\/wp-json\/wp\/v2\/users\/1"}],"replies":[{"embeddable":true,"href":"https:\/\/www.caririemacao.com\/1\/wp-json\/wp\/v2\/comments?post=107279"}],"version-history":[{"count":1,"href":"https:\/\/www.caririemacao.com\/1\/wp-json\/wp\/v2\/posts\/107279\/revisions"}],"predecessor-version":[{"id":107280,"href":"https:\/\/www.caririemacao.com\/1\/wp-json\/wp\/v2\/posts\/107279\/revisions\/107280"}],"wp:featuredmedia":[{"embeddable":true,"href":"https:\/\/www.caririemacao.com\/1\/wp-json\/wp\/v2\/media\/81310"}],"wp:attachment":[{"href":"https:\/\/www.caririemacao.com\/1\/wp-json\/wp\/v2\/media?parent=107279"}],"wp:term":[{"taxonomy":"category","embeddable":true,"href":"https:\/\/www.caririemacao.com\/1\/wp-json\/wp\/v2\/categories?post=107279"},{"taxonomy":"post_tag","embeddable":true,"href":"https:\/\/www.caririemacao.com\/1\/wp-json\/wp\/v2\/tags?post=107279"}],"curies":[{"name":"wp","href":"https:\/\/api.w.org\/{rel}","templated":true}]}}