{"id":107322,"date":"2019-07-29T09:40:40","date_gmt":"2019-07-29T12:40:40","guid":{"rendered":"http:\/\/www.caririemacao.com\/1\/?p=107322"},"modified":"2019-07-29T09:40:40","modified_gmt":"2019-07-29T12:40:40","slug":"empresario-morre-apos-cair-do-cavalo-em-vaquejada-em-catingueira","status":"publish","type":"post","link":"https:\/\/www.caririemacao.com\/1\/2019\/07\/29\/empresario-morre-apos-cair-do-cavalo-em-vaquejada-em-catingueira\/","title":{"rendered":"Empres\u00e1rio morre ap\u00f3s cair do cavalo em vaquejada em Catingueira"},"content":{"rendered":"\n<p>Um empres\u00e1rio morreu neste domingo (28), ap\u00f3s cair do cavalo em uma vaquejada, no munic\u00edpio de Catingueira, na Para\u00edba. Felizardo F\u00e9lix Neto caiu de cima do cavalo e animal caiu por cima dele.&nbsp;<\/p>\n\n\n\n<p>O acidente aconteceu porque o cavalo se assustou com o boi que passou na frente dele.&nbsp;<\/p>\n\n\n\n<p>O empres\u00e1rio do ramo de ve\u00edculos&nbsp;ainda foi encaminhado em estado grave para o Complexo Hospitalar de Patos, mas sofreu uma parada card\u00edaca e morreu a caminho da unidade de sa\u00fade.<\/p>\n","protected":false},"excerpt":{"rendered":"<p>Um empres\u00e1rio morreu neste domingo (28), ap\u00f3s cair do cavalo em uma vaquejada, no munic\u00edpio de Catingueira, na Para\u00edba. Felizardo F\u00e9lix Neto caiu de cima&hellip; <\/p>\n","protected":false},"author":1,"featured_media":107323,"comment_status":"closed","ping_status":"closed","sticky":false,"template":"","format":"standard","meta":{"sfsi_plus_gutenberg_text_before_share":"","sfsi_plus_gutenberg_show_text_before_share":"","sfsi_plus_gutenberg_icon_type":"","sfsi_plus_gutenberg_icon_alignemt":"","sfsi_plus_gutenburg_max_per_row":"","footnotes":""},"categories":[2],"tags":[],"class_list":["post-107322","post","type-post","status-publish","format-standard","has-post-thumbnail","hentry","category-geral"],"_links":{"self":[{"href":"https:\/\/www.caririemacao.com\/1\/wp-json\/wp\/v2\/posts\/107322","targetHints":{"allow":["GET"]}}],"collection":[{"href":"https:\/\/www.caririemacao.com\/1\/wp-json\/wp\/v2\/posts"}],"about":[{"href":"https:\/\/www.caririemacao.com\/1\/wp-json\/wp\/v2\/types\/post"}],"author":[{"embeddable":true,"href":"https:\/\/www.caririemacao.com\/1\/wp-json\/wp\/v2\/users\/1"}],"replies":[{"embeddable":true,"href":"https:\/\/www.caririemacao.com\/1\/wp-json\/wp\/v2\/comments?post=107322"}],"version-history":[{"count":1,"href":"https:\/\/www.caririemacao.com\/1\/wp-json\/wp\/v2\/posts\/107322\/revisions"}],"predecessor-version":[{"id":107324,"href":"https:\/\/www.caririemacao.com\/1\/wp-json\/wp\/v2\/posts\/107322\/revisions\/107324"}],"wp:featuredmedia":[{"embeddable":true,"href":"https:\/\/www.caririemacao.com\/1\/wp-json\/wp\/v2\/media\/107323"}],"wp:attachment":[{"href":"https:\/\/www.caririemacao.com\/1\/wp-json\/wp\/v2\/media?parent=107322"}],"wp:term":[{"taxonomy":"category","embeddable":true,"href":"https:\/\/www.caririemacao.com\/1\/wp-json\/wp\/v2\/categories?post=107322"},{"taxonomy":"post_tag","embeddable":true,"href":"https:\/\/www.caririemacao.com\/1\/wp-json\/wp\/v2\/tags?post=107322"}],"curies":[{"name":"wp","href":"https:\/\/api.w.org\/{rel}","templated":true}]}}