{"id":107329,"date":"2019-07-29T09:51:21","date_gmt":"2019-07-29T12:51:21","guid":{"rendered":"http:\/\/www.caririemacao.com\/1\/?p=107329"},"modified":"2019-07-29T09:51:21","modified_gmt":"2019-07-29T12:51:21","slug":"joao-azevedo-diz-que-polemica-de-bolsonaro-nao-sera-tema-no-forum-de-governadores","status":"publish","type":"post","link":"https:\/\/www.caririemacao.com\/1\/2019\/07\/29\/joao-azevedo-diz-que-polemica-de-bolsonaro-nao-sera-tema-no-forum-de-governadores\/","title":{"rendered":"Jo\u00e3o Azev\u00eado diz que pol\u00eamica de Bolsonaro n\u00e3o ser\u00e1 tema no F\u00f3rum de Governadores"},"content":{"rendered":"\n<p>governador Jo\u00e3o Azev\u00eado (PSB) falou que a pol\u00eamica sobre o presidente Jair Bolsonaro (PSL) em rela\u00e7\u00e3o ao Nordeste n\u00e3o deve ser uma quest\u00e3o central no F\u00f3rum de Governadores da regi\u00e3o, nesta segunda-feira (29), em Salvador, na Bahia. &#8220;O assunto \u00e9 passado&#8221;, disse ele em entrevista \u00e0 R\u00e1dio Jovem Pan, hoje.<\/p>\n\n\n\n<p>A reuni\u00e3o dos gestores servir\u00e1 para definir a\u00e7\u00f5es do grupo junto a outras na\u00e7\u00f5es. Segundo Jo\u00e3o Azev\u00eado, a &#8220;opini\u00e3o p\u00fablica j\u00e1 mostrou o que pensa&#8221; sobre a fala do presidente.<\/p>\n\n\n\n<p>O governador da Para\u00edba declarou que a exig\u00eancia dos governadores \u00e9 de rela\u00e7\u00e3o republicana e que n\u00e3o haver\u00e1 retalia\u00e7\u00e3o ou vingan\u00e7a ao governo Bolsonaro.<\/p>\n","protected":false},"excerpt":{"rendered":"<p>governador Jo\u00e3o Azev\u00eado (PSB) falou que a pol\u00eamica sobre o presidente Jair Bolsonaro (PSL) em rela\u00e7\u00e3o ao Nordeste n\u00e3o deve ser uma quest\u00e3o central no&hellip; <\/p>\n","protected":false},"author":1,"featured_media":101143,"comment_status":"closed","ping_status":"closed","sticky":false,"template":"","format":"standard","meta":{"sfsi_plus_gutenberg_text_before_share":"","sfsi_plus_gutenberg_show_text_before_share":"","sfsi_plus_gutenberg_icon_type":"","sfsi_plus_gutenberg_icon_alignemt":"","sfsi_plus_gutenburg_max_per_row":"","footnotes":""},"categories":[11],"tags":[],"class_list":["post-107329","post","type-post","status-publish","format-standard","has-post-thumbnail","hentry","category-politica"],"_links":{"self":[{"href":"https:\/\/www.caririemacao.com\/1\/wp-json\/wp\/v2\/posts\/107329","targetHints":{"allow":["GET"]}}],"collection":[{"href":"https:\/\/www.caririemacao.com\/1\/wp-json\/wp\/v2\/posts"}],"about":[{"href":"https:\/\/www.caririemacao.com\/1\/wp-json\/wp\/v2\/types\/post"}],"author":[{"embeddable":true,"href":"https:\/\/www.caririemacao.com\/1\/wp-json\/wp\/v2\/users\/1"}],"replies":[{"embeddable":true,"href":"https:\/\/www.caririemacao.com\/1\/wp-json\/wp\/v2\/comments?post=107329"}],"version-history":[{"count":1,"href":"https:\/\/www.caririemacao.com\/1\/wp-json\/wp\/v2\/posts\/107329\/revisions"}],"predecessor-version":[{"id":107330,"href":"https:\/\/www.caririemacao.com\/1\/wp-json\/wp\/v2\/posts\/107329\/revisions\/107330"}],"wp:featuredmedia":[{"embeddable":true,"href":"https:\/\/www.caririemacao.com\/1\/wp-json\/wp\/v2\/media\/101143"}],"wp:attachment":[{"href":"https:\/\/www.caririemacao.com\/1\/wp-json\/wp\/v2\/media?parent=107329"}],"wp:term":[{"taxonomy":"category","embeddable":true,"href":"https:\/\/www.caririemacao.com\/1\/wp-json\/wp\/v2\/categories?post=107329"},{"taxonomy":"post_tag","embeddable":true,"href":"https:\/\/www.caririemacao.com\/1\/wp-json\/wp\/v2\/tags?post=107329"}],"curies":[{"name":"wp","href":"https:\/\/api.w.org\/{rel}","templated":true}]}}