{"id":107371,"date":"2019-07-29T10:52:32","date_gmt":"2019-07-29T13:52:32","guid":{"rendered":"http:\/\/www.caririemacao.com\/1\/?p=107371"},"modified":"2019-07-29T10:52:32","modified_gmt":"2019-07-29T13:52:32","slug":"morador-de-rua-mata-duas-pessoas-no-rio","status":"publish","type":"post","link":"https:\/\/www.caririemacao.com\/1\/2019\/07\/29\/morador-de-rua-mata-duas-pessoas-no-rio\/","title":{"rendered":"Morador de rua mata duas pessoas no Rio"},"content":{"rendered":"\n<p>O corpo do professor Marcelo Henrique Correia Reis ser\u00e1 sepultado\u00a0hoje\u00a0(29) no Cemit\u00e9rio do Caju, na zona norte do Rio de Janeiro. O professor, de 35 anos, foi morto a facadas pelo morador de rua Pl\u00e1cido Correa de Moura, de 44 anos, na Lagoa Rodrigo de Freitas, zona sul do Rio\u00a0de Janeiro.<\/p>\n\n\n\n<p>O crime ocorreu na Rua Abelardo Lobo por volta das 12h de ontem (28). A primeira v\u00edtima foi o engenheiro el\u00e9trico Jo\u00e3o Napoli, de 34 anos, que parou o seu carro no sem\u00e1foro da rua, que fica nas imedia\u00e7\u00f5es da entrada do t\u00fanel Rebou\u00e7as. Imagens de c\u00e2meras mostram que o morador de rua esperou o carro parar para atacar Jo\u00e3o Napoli.<\/p>\n\n\n\n<p>A namorada de Jo\u00e3o, Caroline Moutinho, saiu do banco do carona e tamb\u00e9m foi ferida a faca por Pl\u00e1cido. Jo\u00e3o morreu na hora e Caroline est\u00e1 internada no Hospital Miguel Couto. Segundo boletim da secretaria municipal de Sa\u00fade, ela est\u00e1 fora de perigo.<\/p>\n\n\n\n<p>Pl\u00e1cido foi baleado e preso por policiais militares. Na tentativa de pris\u00e3o, outras tr\u00eas pessoas foram feridas.<\/p>\n\n\n\n<p>Jo\u00e3o e Caroline namoravam h\u00e1 seis anos. Em sua conta no aplicativo Instagram ela publicou, h\u00e1 um m\u00eas: \u201cEu n\u00e3o preciso de um dia para comemorar a sorte do nosso encontro\u201d.<\/p>\n\n\n\n<p>De acordo com a Pol\u00edcia Militar, homens do 23\u00ba Batalh\u00e3o da PM, do Leblon, foram acionados. Durante a abordagem, policiais foram feridos por Pl\u00e1cido. O morador de rua foi levado para o Hospital Miguel Couto. Tamb\u00e9m ficaram feridos um policial e a militar Girlane Sena, que permanece internada, com quadro de sa\u00fade est\u00e1vel, no Hospital do Corpo de Bombeiros.<\/p>\n","protected":false},"excerpt":{"rendered":"<p>O corpo do professor Marcelo Henrique Correia Reis ser\u00e1 sepultado\u00a0hoje\u00a0(29) no Cemit\u00e9rio do Caju, na zona norte do Rio de Janeiro. O professor, de 35&hellip; <\/p>\n","protected":false},"author":1,"featured_media":36850,"comment_status":"closed","ping_status":"closed","sticky":false,"template":"","format":"standard","meta":{"sfsi_plus_gutenberg_text_before_share":"","sfsi_plus_gutenberg_show_text_before_share":"","sfsi_plus_gutenberg_icon_type":"","sfsi_plus_gutenberg_icon_alignemt":"","sfsi_plus_gutenburg_max_per_row":"","footnotes":""},"categories":[12],"tags":[],"class_list":["post-107371","post","type-post","status-publish","format-standard","has-post-thumbnail","hentry","category-policia"],"_links":{"self":[{"href":"https:\/\/www.caririemacao.com\/1\/wp-json\/wp\/v2\/posts\/107371","targetHints":{"allow":["GET"]}}],"collection":[{"href":"https:\/\/www.caririemacao.com\/1\/wp-json\/wp\/v2\/posts"}],"about":[{"href":"https:\/\/www.caririemacao.com\/1\/wp-json\/wp\/v2\/types\/post"}],"author":[{"embeddable":true,"href":"https:\/\/www.caririemacao.com\/1\/wp-json\/wp\/v2\/users\/1"}],"replies":[{"embeddable":true,"href":"https:\/\/www.caririemacao.com\/1\/wp-json\/wp\/v2\/comments?post=107371"}],"version-history":[{"count":1,"href":"https:\/\/www.caririemacao.com\/1\/wp-json\/wp\/v2\/posts\/107371\/revisions"}],"predecessor-version":[{"id":107372,"href":"https:\/\/www.caririemacao.com\/1\/wp-json\/wp\/v2\/posts\/107371\/revisions\/107372"}],"wp:featuredmedia":[{"embeddable":true,"href":"https:\/\/www.caririemacao.com\/1\/wp-json\/wp\/v2\/media\/36850"}],"wp:attachment":[{"href":"https:\/\/www.caririemacao.com\/1\/wp-json\/wp\/v2\/media?parent=107371"}],"wp:term":[{"taxonomy":"category","embeddable":true,"href":"https:\/\/www.caririemacao.com\/1\/wp-json\/wp\/v2\/categories?post=107371"},{"taxonomy":"post_tag","embeddable":true,"href":"https:\/\/www.caririemacao.com\/1\/wp-json\/wp\/v2\/tags?post=107371"}],"curies":[{"name":"wp","href":"https:\/\/api.w.org\/{rel}","templated":true}]}}