{"id":107377,"date":"2019-07-29T10:55:52","date_gmt":"2019-07-29T13:55:52","guid":{"rendered":"http:\/\/www.caririemacao.com\/1\/?p=107377"},"modified":"2019-07-29T10:55:52","modified_gmt":"2019-07-29T13:55:52","slug":"paraiba-recebe-r-19-milhao-para-cirurgias-eletivas-do-sus","status":"publish","type":"post","link":"https:\/\/www.caririemacao.com\/1\/2019\/07\/29\/paraiba-recebe-r-19-milhao-para-cirurgias-eletivas-do-sus\/","title":{"rendered":"Para\u00edba recebe R$ 1,9 milh\u00e3o para cirurgias eletivas do SUS"},"content":{"rendered":"\n<p>Para\u00edba vai receber R$ 1.938.524,51 do Minist\u00e9rio da Sa\u00fade para cirurgias eletivas do SUS. Ao todo, ser\u00e3o disponibilizados R$ 100 milh\u00f5es para os 26 estados e o Distrito Federal.<\/p>\n\n\n\n<p>A libera\u00e7\u00e3o dos recursos consta na Portaria n\u00ba 1.996, de 26 de julho de 2019, publicada na edi\u00e7\u00e3o desta segunda-feira (29) do Di\u00e1rio Oficial da Uni\u00e3o (DOU).<\/p>\n\n\n\n<p>A Portaria trata da prorroga\u00e7\u00e3o da estrat\u00e9gia de amplia\u00e7\u00e3o do acesso aos Procedimentos Cir\u00fargicos Eletivos no \u00e2mbito do Sistema \u00danico de Sa\u00fade (SUS).<\/p>\n\n\n\n<figure class=\"wp-block-image\"><img decoding=\"async\" data-src=\"https:\/\/www.clickpb.com.br\/media\/filer_public\/0a\/8a\/0a8ab6bc-2d99-424e-87d7-a3537d9d17e4\/recursos_cirurgias_eletivas_ministerio_da_saude-2.jpg\" alt=\"\" src=\"data:image\/svg+xml;base64,PHN2ZyB3aWR0aD0iMSIgaGVpZ2h0PSIxIiB4bWxucz0iaHR0cDovL3d3dy53My5vcmcvMjAwMC9zdmciPjwvc3ZnPg==\" class=\"lazyload\" \/><\/figure>\n\n\n\n<figure class=\"wp-block-image\"><img decoding=\"async\" data-src=\"https:\/\/www.clickpb.com.br\/media\/filer_public\/ec\/33\/ec3398f2-c7f1-472f-8fb4-4696629ce56d\/recursos_cirurgias_eletivas_ministerio_da_saude.jpg\" alt=\"\" src=\"data:image\/svg+xml;base64,PHN2ZyB3aWR0aD0iMSIgaGVpZ2h0PSIxIiB4bWxucz0iaHR0cDovL3d3dy53My5vcmcvMjAwMC9zdmciPjwvc3ZnPg==\" class=\"lazyload\" \/><\/figure>\n","protected":false},"excerpt":{"rendered":"<p>Para\u00edba vai receber R$ 1.938.524,51 do Minist\u00e9rio da Sa\u00fade para cirurgias eletivas do SUS. Ao todo, ser\u00e3o disponibilizados R$ 100 milh\u00f5es para os 26 estados&hellip; <\/p>\n","protected":false},"author":1,"featured_media":14369,"comment_status":"closed","ping_status":"closed","sticky":false,"template":"","format":"standard","meta":{"sfsi_plus_gutenberg_text_before_share":"","sfsi_plus_gutenberg_show_text_before_share":"","sfsi_plus_gutenberg_icon_type":"","sfsi_plus_gutenberg_icon_alignemt":"","sfsi_plus_gutenburg_max_per_row":"","footnotes":""},"categories":[16],"tags":[],"class_list":["post-107377","post","type-post","status-publish","format-standard","has-post-thumbnail","hentry","category-saude"],"_links":{"self":[{"href":"https:\/\/www.caririemacao.com\/1\/wp-json\/wp\/v2\/posts\/107377","targetHints":{"allow":["GET"]}}],"collection":[{"href":"https:\/\/www.caririemacao.com\/1\/wp-json\/wp\/v2\/posts"}],"about":[{"href":"https:\/\/www.caririemacao.com\/1\/wp-json\/wp\/v2\/types\/post"}],"author":[{"embeddable":true,"href":"https:\/\/www.caririemacao.com\/1\/wp-json\/wp\/v2\/users\/1"}],"replies":[{"embeddable":true,"href":"https:\/\/www.caririemacao.com\/1\/wp-json\/wp\/v2\/comments?post=107377"}],"version-history":[{"count":1,"href":"https:\/\/www.caririemacao.com\/1\/wp-json\/wp\/v2\/posts\/107377\/revisions"}],"predecessor-version":[{"id":107378,"href":"https:\/\/www.caririemacao.com\/1\/wp-json\/wp\/v2\/posts\/107377\/revisions\/107378"}],"wp:featuredmedia":[{"embeddable":true,"href":"https:\/\/www.caririemacao.com\/1\/wp-json\/wp\/v2\/media\/14369"}],"wp:attachment":[{"href":"https:\/\/www.caririemacao.com\/1\/wp-json\/wp\/v2\/media?parent=107377"}],"wp:term":[{"taxonomy":"category","embeddable":true,"href":"https:\/\/www.caririemacao.com\/1\/wp-json\/wp\/v2\/categories?post=107377"},{"taxonomy":"post_tag","embeddable":true,"href":"https:\/\/www.caririemacao.com\/1\/wp-json\/wp\/v2\/tags?post=107377"}],"curies":[{"name":"wp","href":"https:\/\/api.w.org\/{rel}","templated":true}]}}