{"id":107400,"date":"2019-07-29T15:18:29","date_gmt":"2019-07-29T18:18:29","guid":{"rendered":"http:\/\/www.caririemacao.com\/1\/?p=107400"},"modified":"2019-07-29T15:19:38","modified_gmt":"2019-07-29T18:19:38","slug":"rebeliao-em-presidio-deixa-52-mortos-no-para","status":"publish","type":"post","link":"https:\/\/www.caririemacao.com\/1\/2019\/07\/29\/rebeliao-em-presidio-deixa-52-mortos-no-para\/","title":{"rendered":"Rebeli\u00e3o em pres\u00eddio deixa 52 mortos no Par\u00e1"},"content":{"rendered":"\n<p>Uma rebeli\u00e3o ocorrida na manh\u00e3 de&nbsp;hoje&nbsp;(29) deixou 52 detentos mortos no Centro de Recupera\u00e7\u00e3o Regional de Altamira, no Par\u00e1. De acordo com a &nbsp;Superintend\u00eancia do Sistema Penitenci\u00e1rio (Susipe), o conflito come\u00e7ou por volta das 7h, quando um grupo de presos invadiu a ala de uma fac\u00e7\u00e3o rival.&nbsp;<\/p>\n\n\n\n<p>De acordo com informa\u00e7\u00f5es divulgadas, os presos chegaram a colocar fogo em parte da&nbsp;ala. Dentro os mortos, 16 foram decaptados&nbsp;e o restante teria morrido por asfixia, devido ao inc\u00eandio. Dois agentes penitenci\u00e1rios foram mantidos ref\u00e9ns, mas foram&nbsp;liberados ao final da rebeli\u00e3o, que foi contida por volta das 12h.&nbsp;<\/p>\n\n\n\n<p>De acordo com o Minist\u00e9rio da Justi\u00e7a e Seguran\u00e7a P\u00fablica, o ministro Sergio Moro&nbsp;est\u00e1 acompanhando o caso, j\u00e1 conversou com o governador do Par\u00e1, Helder Barbalho, e deve tratar do assunto novamente em uma reuni\u00e3o nesta tarde.<\/p>\n","protected":false},"excerpt":{"rendered":"<p>Uma rebeli\u00e3o ocorrida na manh\u00e3 de&nbsp;hoje&nbsp;(29) deixou 52 detentos mortos no Centro de Recupera\u00e7\u00e3o Regional de Altamira, no Par\u00e1. De acordo com a &nbsp;Superintend\u00eancia do&hellip; <\/p>\n","protected":false},"author":1,"featured_media":36853,"comment_status":"closed","ping_status":"closed","sticky":false,"template":"","format":"standard","meta":{"sfsi_plus_gutenberg_text_before_share":"","sfsi_plus_gutenberg_show_text_before_share":"","sfsi_plus_gutenberg_icon_type":"","sfsi_plus_gutenberg_icon_alignemt":"","sfsi_plus_gutenburg_max_per_row":"","footnotes":""},"categories":[12],"tags":[],"class_list":["post-107400","post","type-post","status-publish","format-standard","has-post-thumbnail","hentry","category-policia"],"_links":{"self":[{"href":"https:\/\/www.caririemacao.com\/1\/wp-json\/wp\/v2\/posts\/107400","targetHints":{"allow":["GET"]}}],"collection":[{"href":"https:\/\/www.caririemacao.com\/1\/wp-json\/wp\/v2\/posts"}],"about":[{"href":"https:\/\/www.caririemacao.com\/1\/wp-json\/wp\/v2\/types\/post"}],"author":[{"embeddable":true,"href":"https:\/\/www.caririemacao.com\/1\/wp-json\/wp\/v2\/users\/1"}],"replies":[{"embeddable":true,"href":"https:\/\/www.caririemacao.com\/1\/wp-json\/wp\/v2\/comments?post=107400"}],"version-history":[{"count":1,"href":"https:\/\/www.caririemacao.com\/1\/wp-json\/wp\/v2\/posts\/107400\/revisions"}],"predecessor-version":[{"id":107401,"href":"https:\/\/www.caririemacao.com\/1\/wp-json\/wp\/v2\/posts\/107400\/revisions\/107401"}],"wp:featuredmedia":[{"embeddable":true,"href":"https:\/\/www.caririemacao.com\/1\/wp-json\/wp\/v2\/media\/36853"}],"wp:attachment":[{"href":"https:\/\/www.caririemacao.com\/1\/wp-json\/wp\/v2\/media?parent=107400"}],"wp:term":[{"taxonomy":"category","embeddable":true,"href":"https:\/\/www.caririemacao.com\/1\/wp-json\/wp\/v2\/categories?post=107400"},{"taxonomy":"post_tag","embeddable":true,"href":"https:\/\/www.caririemacao.com\/1\/wp-json\/wp\/v2\/tags?post=107400"}],"curies":[{"name":"wp","href":"https:\/\/api.w.org\/{rel}","templated":true}]}}