{"id":107408,"date":"2019-07-29T15:21:59","date_gmt":"2019-07-29T18:21:59","guid":{"rendered":"http:\/\/www.caririemacao.com\/1\/?p=107408"},"modified":"2019-07-29T15:21:59","modified_gmt":"2019-07-29T18:21:59","slug":"suspeitos-de-invasao-a-celulares-serao-ouvidos-amanha-pela-justica","status":"publish","type":"post","link":"https:\/\/www.caririemacao.com\/1\/2019\/07\/29\/suspeitos-de-invasao-a-celulares-serao-ouvidos-amanha-pela-justica\/","title":{"rendered":"Suspeitos de invas\u00e3o a celulares ser\u00e3o ouvidos amanh\u00e3 pela Justi\u00e7a"},"content":{"rendered":"\n<p>Os quatro presos tempor\u00e1rios suspeitos de invadir os celulares do ministro da Justi\u00e7a, S\u00e9rgio Moro, e do procurador Deltan Dallagnol, coordenador da for\u00e7a-tarefa da Lava Jato em Curitiba, entre outras autoridades brasileiras, participar\u00e3o de audi\u00eancia de cust\u00f3dia amanh\u00e3 (30), na 10\u00aa Vara Federal, em Bras\u00edlia.<\/p>\n\n\n\n<p>Os suspeitos de hackear os aparelhos \u2013 Danilo Cristiano Marques, Gustavo Henrique Elias Santos, Suelen Priscila de Oliveira e Walter Delgatti Neto \u2013 ser\u00e3o ouvidos pelo juiz Vallisney de Souza Oliveira, respons\u00e1vel pela prorroga\u00e7\u00e3o das pris\u00f5es tempor\u00e1rias. Na decis\u00e3o, o magistrado disse que os acusados devem continuar presos para n\u00e3o atrapalhar as investiga\u00e7\u00f5es.<br><br>Vallisney Oliveira tamb\u00e9m aceitou pedido do Minist\u00e9rio P\u00fablico Federal (MPF) para bloquear as aplica\u00e7\u00f5es suspeitas dos quatro acusados em<em>&nbsp;bitcoins<\/em>&nbsp;(moedas virtuais).<br><br>As pr\u00e1ticas apontadas nas acusa\u00e7\u00f5es s\u00e3o disciplinadas pela Lei de Crimes Cibern\u00e9ticos. A norma ganhou, \u00e0 \u00e9poca da aprova\u00e7\u00e3o, o nome de Lei Carolina Dieckman, em refer\u00eancia \u00e0 atriz, v\u00edtima de invas\u00e3o de aparelhos eletr\u00f4nicos pessoais e divulga\u00e7\u00e3o de imagens \u00edntimas.<\/p>\n","protected":false},"excerpt":{"rendered":"<p>Os quatro presos tempor\u00e1rios suspeitos de invadir os celulares do ministro da Justi\u00e7a, S\u00e9rgio Moro, e do procurador Deltan Dallagnol, coordenador da for\u00e7a-tarefa da Lava&hellip; <\/p>\n","protected":false},"author":1,"featured_media":106330,"comment_status":"closed","ping_status":"closed","sticky":false,"template":"","format":"standard","meta":{"sfsi_plus_gutenberg_text_before_share":"","sfsi_plus_gutenberg_show_text_before_share":"","sfsi_plus_gutenberg_icon_type":"","sfsi_plus_gutenberg_icon_alignemt":"","sfsi_plus_gutenburg_max_per_row":"","footnotes":""},"categories":[12],"tags":[],"class_list":["post-107408","post","type-post","status-publish","format-standard","has-post-thumbnail","hentry","category-policia"],"_links":{"self":[{"href":"https:\/\/www.caririemacao.com\/1\/wp-json\/wp\/v2\/posts\/107408","targetHints":{"allow":["GET"]}}],"collection":[{"href":"https:\/\/www.caririemacao.com\/1\/wp-json\/wp\/v2\/posts"}],"about":[{"href":"https:\/\/www.caririemacao.com\/1\/wp-json\/wp\/v2\/types\/post"}],"author":[{"embeddable":true,"href":"https:\/\/www.caririemacao.com\/1\/wp-json\/wp\/v2\/users\/1"}],"replies":[{"embeddable":true,"href":"https:\/\/www.caririemacao.com\/1\/wp-json\/wp\/v2\/comments?post=107408"}],"version-history":[{"count":1,"href":"https:\/\/www.caririemacao.com\/1\/wp-json\/wp\/v2\/posts\/107408\/revisions"}],"predecessor-version":[{"id":107409,"href":"https:\/\/www.caririemacao.com\/1\/wp-json\/wp\/v2\/posts\/107408\/revisions\/107409"}],"wp:featuredmedia":[{"embeddable":true,"href":"https:\/\/www.caririemacao.com\/1\/wp-json\/wp\/v2\/media\/106330"}],"wp:attachment":[{"href":"https:\/\/www.caririemacao.com\/1\/wp-json\/wp\/v2\/media?parent=107408"}],"wp:term":[{"taxonomy":"category","embeddable":true,"href":"https:\/\/www.caririemacao.com\/1\/wp-json\/wp\/v2\/categories?post=107408"},{"taxonomy":"post_tag","embeddable":true,"href":"https:\/\/www.caririemacao.com\/1\/wp-json\/wp\/v2\/tags?post=107408"}],"curies":[{"name":"wp","href":"https:\/\/api.w.org\/{rel}","templated":true}]}}