{"id":107422,"date":"2019-07-29T15:45:37","date_gmt":"2019-07-29T18:45:37","guid":{"rendered":"http:\/\/www.caririemacao.com\/1\/?p=107422"},"modified":"2019-07-29T15:45:37","modified_gmt":"2019-07-29T18:45:37","slug":"saiba-como-funciona-a-heteroidentificacao-em-concursos-publico","status":"publish","type":"post","link":"https:\/\/www.caririemacao.com\/1\/2019\/07\/29\/saiba-como-funciona-a-heteroidentificacao-em-concursos-publico\/","title":{"rendered":"Saiba como funciona a heteroidentifica\u00e7\u00e3o em concursos p\u00fablico"},"content":{"rendered":"\n<p>Candidatos de concursos federais que concorrem a cotas de negros t\u00eam que passar&nbsp;por an\u00e1lise visual, identificada por heteroidentifica\u00e7\u00e3o.&nbsp;Os candidatos devem se autodeclarar pretos ou pardos no ato da inscri\u00e7\u00e3o do concurso, levando em conta o quesito cor ou ra\u00e7a utilizado pelo IBGE. O processo acontece desde 2017, quando Supremo Tribunal Federal (STF) decidiu que a lei 12.990 era constitucional e que poderia haver a utiliza\u00e7\u00e3o de mecanismos, al\u00e9m da autodeclara\u00e7\u00e3o, para evitar fraudes pelos candidatos.&nbsp;<\/p>\n\n\n\n<p>Na decis\u00e3o, o STF citou a heteroidentifica\u00e7\u00e3o, com a presen\u00e7a perante a comiss\u00e3o do concurso, \u201cdesde que respeitada a dignidade da pessoa humana e garantidos o contradit\u00f3rio e a ampla defesa\u201d.&nbsp;Durante a avalia\u00e7\u00e3o, o candidato passa por uma comiss\u00e3o que analisa&nbsp;as caracter\u00edsticas f\u00edsicas do candidato; avalia\u00e7\u00e3o ser\u00e1 filmada; Cespe\/UnB j\u00e1 usa o crit\u00e9rio em concursos como da Abin e STJ.&nbsp;<\/p>\n\n\n\n<p>Segundo o Minist\u00e9rio do Planejamento, Desenvolvimento e Gest\u00e3o a portaria normativa \u00e9 &nbsp;\u201cprocedimento de heteroidentifica\u00e7\u00e3o complementar \u00e0 autodeclara\u00e7\u00e3o dos candidatos negros\u201d.&nbsp;<\/p>\n\n\n\n<p>Desde 2014, a lei 12.990 prev\u00ea a reserva aos candidatos negros de 20% das vagas oferecidas em concursos p\u00fablicos da administra\u00e7\u00e3o p\u00fablica federal, das autarquias, das funda\u00e7\u00f5es p\u00fablicas, das empresas p\u00fablicas e das sociedades de economia mista controladas pela Uni\u00e3o.&nbsp;<\/p>\n\n\n\n<p>A comiss\u00e3o analisar\u00e1 as caracter\u00edsticas fenot\u00edpicas (caracter\u00edsticas f\u00edsicas de uma pessoa) para comprovar a condi\u00e7\u00e3o declarada pelo candidato. Prevalecer\u00e1 a decis\u00e3o da maioria da comiss\u00e3o.&nbsp;N\u00e3o ser\u00e3o considerados na avalia\u00e7\u00e3o registros ou documentos, inclusive imagem e certid\u00f5es, nem as que foram usadas para confirma\u00e7\u00e3o em procedimentos de heteroidentifica\u00e7\u00e3o realizados em outros concursos p\u00fablicos federais, estaduais, distritais e municipais.&nbsp;&nbsp;<br><\/p>\n\n\n\n<p>O procedimento de heteroidentifica\u00e7\u00e3o \u00e9&nbsp;filmado e sua grava\u00e7\u00e3o \u00e9 utilizada na an\u00e1lise de eventuais recursos interpostos pelos candidatos. Ser\u00e3o eliminados do concurso p\u00fablico os candidatos cujas autodeclara\u00e7\u00f5es n\u00e3o forem confirmadas na avalia\u00e7\u00e3o, ainda que tenham obtido nota suficiente para aprova\u00e7\u00e3o na ampla concorr\u00eancia.<\/p>\n\n\n\n<p>O candidato poder\u00e1 desistir de concorrer pelo sistema de reserva de vagas at\u00e9 o final do per\u00edodo de inscri\u00e7\u00e3o do concurso p\u00fablico.<\/p>\n","protected":false},"excerpt":{"rendered":"<p>Candidatos de concursos federais que concorrem a cotas de negros t\u00eam que passar&nbsp;por an\u00e1lise visual, identificada por heteroidentifica\u00e7\u00e3o.&nbsp;Os candidatos devem se autodeclarar pretos ou pardos&hellip; <\/p>\n","protected":false},"author":1,"featured_media":107423,"comment_status":"closed","ping_status":"closed","sticky":false,"template":"","format":"standard","meta":{"sfsi_plus_gutenberg_text_before_share":"","sfsi_plus_gutenberg_show_text_before_share":"","sfsi_plus_gutenberg_icon_type":"","sfsi_plus_gutenberg_icon_alignemt":"","sfsi_plus_gutenburg_max_per_row":"","footnotes":""},"categories":[14],"tags":[],"class_list":["post-107422","post","type-post","status-publish","format-standard","has-post-thumbnail","hentry","category-educacao"],"_links":{"self":[{"href":"https:\/\/www.caririemacao.com\/1\/wp-json\/wp\/v2\/posts\/107422","targetHints":{"allow":["GET"]}}],"collection":[{"href":"https:\/\/www.caririemacao.com\/1\/wp-json\/wp\/v2\/posts"}],"about":[{"href":"https:\/\/www.caririemacao.com\/1\/wp-json\/wp\/v2\/types\/post"}],"author":[{"embeddable":true,"href":"https:\/\/www.caririemacao.com\/1\/wp-json\/wp\/v2\/users\/1"}],"replies":[{"embeddable":true,"href":"https:\/\/www.caririemacao.com\/1\/wp-json\/wp\/v2\/comments?post=107422"}],"version-history":[{"count":1,"href":"https:\/\/www.caririemacao.com\/1\/wp-json\/wp\/v2\/posts\/107422\/revisions"}],"predecessor-version":[{"id":107424,"href":"https:\/\/www.caririemacao.com\/1\/wp-json\/wp\/v2\/posts\/107422\/revisions\/107424"}],"wp:featuredmedia":[{"embeddable":true,"href":"https:\/\/www.caririemacao.com\/1\/wp-json\/wp\/v2\/media\/107423"}],"wp:attachment":[{"href":"https:\/\/www.caririemacao.com\/1\/wp-json\/wp\/v2\/media?parent=107422"}],"wp:term":[{"taxonomy":"category","embeddable":true,"href":"https:\/\/www.caririemacao.com\/1\/wp-json\/wp\/v2\/categories?post=107422"},{"taxonomy":"post_tag","embeddable":true,"href":"https:\/\/www.caririemacao.com\/1\/wp-json\/wp\/v2\/tags?post=107422"}],"curies":[{"name":"wp","href":"https:\/\/api.w.org\/{rel}","templated":true}]}}