{"id":107431,"date":"2019-07-29T15:50:22","date_gmt":"2019-07-29T18:50:22","guid":{"rendered":"http:\/\/www.caririemacao.com\/1\/?p=107431"},"modified":"2019-07-29T15:50:22","modified_gmt":"2019-07-29T18:50:22","slug":"defesa-afirma-que-manuela-davila-prestara-depoimento-sobre-acao-de-hacker","status":"publish","type":"post","link":"https:\/\/www.caririemacao.com\/1\/2019\/07\/29\/defesa-afirma-que-manuela-davila-prestara-depoimento-sobre-acao-de-hacker\/","title":{"rendered":"Defesa afirma que Manuela D\u2019\u00c1vila prestar\u00e1 depoimento sobre a\u00e7\u00e3o de hacker"},"content":{"rendered":"\n<p>Ap\u00f3s retornar ao Brasil, a ex-deputada federal Manuela D\u2019\u00c1vila (PCdoB-RS) deve prestar depoimento sobre a Opera\u00e7\u00e3o Spoofing, informou sua defesa. A candidata \u00e0 vice na chapa de Fernando Haddad (PT) na disputa presidencial do ano passado deve voltar de viagem em at\u00e9 15 dias.<\/p>\n\n\n\n<p>Segundo o advogado Alberto Toron, ela saiu do pa\u00eds no dia 23 de junho para fazer um curso na Universidade de Edimburgo, no Reino Unido. Seu representante afirmou que colocar\u00e1 Manuela \u00e0 disposi\u00e7\u00e3o das autoridades para \u201cprestar todos os esclarecimentos que dela forem solicitados\u201d. \u201cAssim que ela chegar no Brasil, ela prestar\u00e1 depoimento na data em que a autoridade determinar\u201d, disse.<\/p>\n\n\n\n<p>Na semana passada, Walter Delgatti Neto, conhecido como \u201cVermelho\u201d, disse em depoimento \u00e0 Pol\u00edcia Federal que fez contato com o jornalista Glenn Greenwald, do The Intercept Brasil, por meio de Manuela. Delgatti Neto foi um dos presos na Opera\u00e7\u00e3o Spoofing, suspeito de ter hackeado telefones de autoridades.<\/p>\n\n\n\n<p>Em nota, Manuela disse que, em maio, seu aplicativo Telegram foi invadido e confirmou que repassou ao \u201cinvasor\u201d do seu celular o contato de Greenwald. Desde o in\u00edcio de junho, o site The Intercept Brasil tem divulgado trocas de mensagens entre o ministro da Justi\u00e7a e Seguran\u00e7a P\u00fablica, S\u00e9rgio Moro, e procuradores da for\u00e7a tarefa da Opera\u00e7\u00e3o Lava Jato.<\/p>\n\n\n\n<p>A defesa de Manuela afirma que a ex-deputada n\u00e3o tomou parte na a\u00e7\u00e3o do suposto hacker. \u201cEla n\u00e3o teve envolvimento nenhum com apoio financeiro (a Delgatti Neto) ou coisa parecida. Manuela n\u00e3o tem preocupa\u00e7\u00e3o alguma, apenas preocupa\u00e7\u00e3o em dizer a verdade\u201d, afirmou Toron. \u201cEla simplesmente indicou o jornalista Glenn e se retirou do cen\u00e1rio\u201d.<\/p>\n\n\n\n<p>O l\u00edder do PCdoB na C\u00e2mara, o deputado federal Orlando Silva (SP), disse que o partido est\u00e1 \u201cabsolutamente solid\u00e1rio a Manuela\u201d. O parlamentar ressaltou que, desde a sexta-feira, todos os l\u00edderes da legenda manifestaram seu apoio por meio das redes sociais. \u201cManu fez o que qualquer pessoa s\u00e9ria faria. Infelizmente, a raz\u00e3o perdeu espa\u00e7o no Brasil\u201d, disse.<\/p>\n\n\n\n<p>Silva afirmou ainda que espera que a invas\u00e3o ao celular de Manuela seja explicada. O l\u00edder do PCdoB tamb\u00e9m cobrou que S\u00e9rgio Moro e o procurador da Rep\u00fablica Deltan Dallagnol ofere\u00e7am seus celulares para per\u00edcia. O parlamentar afirmou tamb\u00e9m que j\u00e1 h\u00e1 um requerimento pronto para convocar Moro a prestar esclarecimentos aos parlamentares sobre a Opera\u00e7\u00e3o Spoofing. Na quinta-feira, 25, o ministro da Justi\u00e7a avisou a autoridades que tiveram celulares hackeados que o material obtido de maneira ilegal seria destru\u00eddo.<\/p>\n\n\n\n<p>Para o parlamentar, a atitude do ministro seria uma \u201cilegalidade flagrante\u201d e configuraria desrespeito ao artigo 325 do C\u00f3digo Penal, que versa sobre quebra de sigilo funcional. \u201cComo (Moro) teve acesso a inqu\u00e9rito sigiloso? Esse \u00e9 o dom\u00ednio do Judici\u00e1rio e da Pol\u00edcia Federal\u201d, disse Silva. \u201cPior, se teve acesso enquanto autoridade e servidor p\u00fablico, n\u00e3o poderia quebrar o sigilo. Queremos ouvi-lo\u201d.<\/p>\n\n\n\n<p>Segundo o l\u00edder do PCdoB, o partido vai conversar com lideran\u00e7as partid\u00e1rias para decidir se a convoca\u00e7\u00e3o de Moro ser\u00e1 para uma audi\u00eancia no Plen\u00e1rio ou na Comiss\u00e3o de Constitui\u00e7\u00e3o e Justi\u00e7a (CCJ). \u201cVamos trabalhar para ser uma convoca\u00e7\u00e3o com apoio de todos os partidos\u201d, afirmou. \u201cN\u00e3o \u00e9 assunto da esquerda, nem da oposi\u00e7\u00e3o. Queremos o respeito \u00e0 Constitui\u00e7\u00e3o e as leis\u201d.<\/p>\n\n\n\n<p>A reportagem apurou na \u00faltima quinta-feira que o presidente do Superior Tribunal de Justi\u00e7a, Jo\u00e3o Ot\u00e1vio Noronha, e o presidente do Supremo Tribunal Federal, Dias Toffoli, receberam contatos de Moro sobre a opera\u00e7\u00e3o da PF.<\/p>\n\n\n\n<p>Neste s\u00e1bado, 27, o presidente Jair Bolsonaro afirmou que a decis\u00e3o sobre uma poss\u00edvel destrui\u00e7\u00e3o de mensagens n\u00e3o cabe a Moro. \u201cO Moro n\u00e3o far\u00e1 nada que a lei n\u00e3o o permita fazer. Agora foi uma invas\u00e3o criminosa\u201d, disse.<\/p>\n","protected":false},"excerpt":{"rendered":"<p>Ap\u00f3s retornar ao Brasil, a ex-deputada federal Manuela D\u2019\u00c1vila (PCdoB-RS) deve prestar depoimento sobre a Opera\u00e7\u00e3o Spoofing, informou sua defesa. A candidata \u00e0 vice na&hellip; <\/p>\n","protected":false},"author":1,"featured_media":35170,"comment_status":"closed","ping_status":"closed","sticky":false,"template":"","format":"standard","meta":{"sfsi_plus_gutenberg_text_before_share":"","sfsi_plus_gutenberg_show_text_before_share":"","sfsi_plus_gutenberg_icon_type":"","sfsi_plus_gutenberg_icon_alignemt":"","sfsi_plus_gutenburg_max_per_row":"","footnotes":""},"categories":[2],"tags":[],"class_list":["post-107431","post","type-post","status-publish","format-standard","has-post-thumbnail","hentry","category-geral"],"_links":{"self":[{"href":"https:\/\/www.caririemacao.com\/1\/wp-json\/wp\/v2\/posts\/107431","targetHints":{"allow":["GET"]}}],"collection":[{"href":"https:\/\/www.caririemacao.com\/1\/wp-json\/wp\/v2\/posts"}],"about":[{"href":"https:\/\/www.caririemacao.com\/1\/wp-json\/wp\/v2\/types\/post"}],"author":[{"embeddable":true,"href":"https:\/\/www.caririemacao.com\/1\/wp-json\/wp\/v2\/users\/1"}],"replies":[{"embeddable":true,"href":"https:\/\/www.caririemacao.com\/1\/wp-json\/wp\/v2\/comments?post=107431"}],"version-history":[{"count":1,"href":"https:\/\/www.caririemacao.com\/1\/wp-json\/wp\/v2\/posts\/107431\/revisions"}],"predecessor-version":[{"id":107432,"href":"https:\/\/www.caririemacao.com\/1\/wp-json\/wp\/v2\/posts\/107431\/revisions\/107432"}],"wp:featuredmedia":[{"embeddable":true,"href":"https:\/\/www.caririemacao.com\/1\/wp-json\/wp\/v2\/media\/35170"}],"wp:attachment":[{"href":"https:\/\/www.caririemacao.com\/1\/wp-json\/wp\/v2\/media?parent=107431"}],"wp:term":[{"taxonomy":"category","embeddable":true,"href":"https:\/\/www.caririemacao.com\/1\/wp-json\/wp\/v2\/categories?post=107431"},{"taxonomy":"post_tag","embeddable":true,"href":"https:\/\/www.caririemacao.com\/1\/wp-json\/wp\/v2\/tags?post=107431"}],"curies":[{"name":"wp","href":"https:\/\/api.w.org\/{rel}","templated":true}]}}