{"id":107436,"date":"2019-07-29T16:26:20","date_gmt":"2019-07-29T19:26:20","guid":{"rendered":"http:\/\/www.caririemacao.com\/1\/?p=107436"},"modified":"2019-07-29T16:26:20","modified_gmt":"2019-07-29T19:26:20","slug":"outra-confusao-grande-bolsonaro-ataca-presidente-nacional-da-oab","status":"publish","type":"post","link":"https:\/\/www.caririemacao.com\/1\/2019\/07\/29\/outra-confusao-grande-bolsonaro-ataca-presidente-nacional-da-oab\/","title":{"rendered":"Outra confus\u00e3o grande: Bolsonaro ataca presidente nacional da OAB"},"content":{"rendered":"\n<p>Ao reclamar sobre a atua\u00e7\u00e3o da OAB na investiga\u00e7\u00e3o do caso de Ad\u00e9lio Bispo, autor do atentado \u00e0 faca do qual foi alvo, o presidente Jair Bolsonaro (PSL) disse que poderia explicar ao presidente do \u00f3rg\u00e3o, Felipe Santa Cruz, como o pai dele desapareceu durante a ditadura militar.<\/p>\n\n\n\n<p>\u201cPor que a OAB impediu que a Pol\u00edcia Federal entrasse no telefone de um dos car\u00edssimos advogados? Qual a inten\u00e7\u00e3o da OAB? Quem \u00e9 essa OAB? Um dia, se o presidente da OAB quiser saber como \u00e9 que o pai dele desapareceu no per\u00edodo militar, conto pra ele. Ele n\u00e3o vai querer ouvir a verdade. Conto pra ele. N\u00e3o \u00e9 minha vers\u00e3o. \u00c9 que a minha viv\u00eancia me fez chegar nas conclus\u00f5es naquele momento. O pai dele integrou a A\u00e7\u00e3o Popular, o grupo mais sanguin\u00e1rio e violento da guerrilha l\u00e1 de Pernambuco e veio desaparecer no Rio de Janeiro\u201d, disse o presidente.<\/p>\n\n\n\n<p>Felipe \u00e9 filho de Fernando Augusto Santa Cruz de Oliveira, desaparecido em fevereiro de 1974, depois de ter sido preso junto de um amigo chamado Eduardo Collier por agentes do DOI-CODI, no Rio de Janeiro.<\/p>\n\n\n\n<p>Fernando era estudante de direito e funcion\u00e1rio do Departamento de \u00c1guas e Energia El\u00e9trica em S\u00e3o Paulo e integrante da A\u00e7\u00e3o Popular Marxista-Leninista. Felipe tinha 2 anos quando o pai desapareceu.<\/p>\n\n\n\n<p>No relat\u00f3rio da Comiss\u00e3o da Verdade, respons\u00e1vel por investigar casos de mortos e desaparecidos na ditadura, n\u00e3o h\u00e1 registro de que Fernando tenha participado de luta armada.<\/p>\n\n\n\n<p>O documento, inclusive, ressalta que Fernando \u00e0 \u00e9poca do seu desaparecimento \u201ctinha emprego e endere\u00e7o fixos e, portanto, n\u00e3o estava clandestino ou foragido dos \u00f3rg\u00e3os de seguran\u00e7a\u201d.<\/p>\n\n\n\n<p>Ainda sobre o caso de Ad\u00e9lio, Bolsonaro disse que ele \u201cse deu mal\u201d.<\/p>\n\n\n\n<p>\u201cAd\u00e9lio se deu mal. Eu n\u00e3o recorri porque se recorresse ele seria julgado n\u00e3o por homic\u00eddio, mas tentativa de homic\u00eddio, em um ano e meio ou dois estaria na rua. Como n\u00e3o recorri, agora \u00e9 maluco o resto da vida. Vai ficar num manic\u00f4mio judicial, \u00e9 uma pris\u00e3o perp\u00e9tua. J\u00e1 fiquei sabendo que est\u00e1 aloprando por l\u00e1. Abre a boca, p\u00f4\u201d, afirmou.<\/p>\n\n\n\n<p>Sem manifesta\u00e7\u00f5es de Bolsonaro e do Minist\u00e9rio P\u00fablico Federal (MPF) em Minas Gerais, a 3\u00aa Vara Federal de Juiz de Fora encerrou o caso.<\/p>\n\n\n\n<p>Bolsonaro foi intimado no dia 28 de junho sobre a decis\u00e3o e n\u00e3o recorreu. O MPF, no dia 17 daquele m\u00eas. O prazo para recursos se esgotou em 12 de julho.<\/p>\n\n\n\n<p>Na decis\u00e3o, o juiz respons\u00e1vel diz que a investiga\u00e7\u00e3o da Pol\u00edcia Federal e do Minist\u00e9rio P\u00fablico Federal n\u00e3o deixa d\u00favidas sobre a autoria do crime. Mas, como o r\u00e9u tem transtorno mental e \u00e9 considerado inimput\u00e1vel, o magistrado decidiu pela absolvi\u00e7\u00e3o impr\u00f3pria (quando uma pessoa \u00e9 declarada culpada por um delito, mas n\u00e3o tinha capacidade de entender o que estava fazendo quando cometeu o ato) e interna\u00e7\u00e3o por medida de seguran\u00e7a.<\/p>\n\n\n\n<p>Segundo a Lei de Execu\u00e7\u00f5es Penais, nesses casos o preso deve ser encaminhado a hospitais de cust\u00f3dia para receber tratamento psiqui\u00e1trico. O juiz, por\u00e9m, optou por manter Ad\u00e9lio no pres\u00eddio federal de Campo Grande. Medidas de seguran\u00e7a n\u00e3o t\u00eam prazo determinado, e o preso depende da alta de um m\u00e9dico para que seja liberado.<\/p>\n","protected":false},"excerpt":{"rendered":"<p>Ao reclamar sobre a atua\u00e7\u00e3o da OAB na investiga\u00e7\u00e3o do caso de Ad\u00e9lio Bispo, autor do atentado \u00e0 faca do qual foi alvo, o presidente&hellip; <\/p>\n","protected":false},"author":1,"featured_media":106813,"comment_status":"closed","ping_status":"closed","sticky":false,"template":"","format":"standard","meta":{"sfsi_plus_gutenberg_text_before_share":"","sfsi_plus_gutenberg_show_text_before_share":"","sfsi_plus_gutenberg_icon_type":"","sfsi_plus_gutenberg_icon_alignemt":"","sfsi_plus_gutenburg_max_per_row":"","footnotes":""},"categories":[11],"tags":[],"class_list":["post-107436","post","type-post","status-publish","format-standard","has-post-thumbnail","hentry","category-politica"],"_links":{"self":[{"href":"https:\/\/www.caririemacao.com\/1\/wp-json\/wp\/v2\/posts\/107436","targetHints":{"allow":["GET"]}}],"collection":[{"href":"https:\/\/www.caririemacao.com\/1\/wp-json\/wp\/v2\/posts"}],"about":[{"href":"https:\/\/www.caririemacao.com\/1\/wp-json\/wp\/v2\/types\/post"}],"author":[{"embeddable":true,"href":"https:\/\/www.caririemacao.com\/1\/wp-json\/wp\/v2\/users\/1"}],"replies":[{"embeddable":true,"href":"https:\/\/www.caririemacao.com\/1\/wp-json\/wp\/v2\/comments?post=107436"}],"version-history":[{"count":1,"href":"https:\/\/www.caririemacao.com\/1\/wp-json\/wp\/v2\/posts\/107436\/revisions"}],"predecessor-version":[{"id":107437,"href":"https:\/\/www.caririemacao.com\/1\/wp-json\/wp\/v2\/posts\/107436\/revisions\/107437"}],"wp:featuredmedia":[{"embeddable":true,"href":"https:\/\/www.caririemacao.com\/1\/wp-json\/wp\/v2\/media\/106813"}],"wp:attachment":[{"href":"https:\/\/www.caririemacao.com\/1\/wp-json\/wp\/v2\/media?parent=107436"}],"wp:term":[{"taxonomy":"category","embeddable":true,"href":"https:\/\/www.caririemacao.com\/1\/wp-json\/wp\/v2\/categories?post=107436"},{"taxonomy":"post_tag","embeddable":true,"href":"https:\/\/www.caririemacao.com\/1\/wp-json\/wp\/v2\/tags?post=107436"}],"curies":[{"name":"wp","href":"https:\/\/api.w.org\/{rel}","templated":true}]}}