{"id":107442,"date":"2019-07-29T16:35:41","date_gmt":"2019-07-29T19:35:41","guid":{"rendered":"http:\/\/www.caririemacao.com\/1\/?p=107442"},"modified":"2019-07-29T16:35:41","modified_gmt":"2019-07-29T19:35:41","slug":"sbp-brasil-desativou-16-mil-leitos-pediatricos-desde-2010","status":"publish","type":"post","link":"https:\/\/www.caririemacao.com\/1\/2019\/07\/29\/sbp-brasil-desativou-16-mil-leitos-pediatricos-desde-2010\/","title":{"rendered":"SBP: Brasil desativou 16 mil leitos pedi\u00e1tricos desde 2010"},"content":{"rendered":"\n<p>Um levantamento feito pela Sociedade Brasileira de Pediatria (SBP) mostrou que nos \u00faltimos nove anos o Brasil desativou 15,9 mil leitos de interna\u00e7\u00e3o pedi\u00e1trica, aqueles destinados a crian\u00e7as que precisam permanecer no hospital por mais de 24 horas. Segundo a SBP, dados obtidos no Cadastro Nacional de Estabelecimento de Sa\u00fade (CNES), mantido pelo Minist\u00e9rio da Sa\u00fade, indicam que em 2010, o pa\u00eds dispunha de 48,8 mil leitos no Sistema \u00danico de Sa\u00fade (SUS). Em 2019, segundo dados relativos ao m\u00eas de maio, o n\u00famero baixou para cerca de 35 mil.&nbsp;<\/p>\n\n\n\n<p>A pesquisa tamb\u00e9m mostra que os leitos dispon\u00edveis nos planos de sa\u00fade ou em unidades privadas ca\u00edram em 2.130 no mesmo per\u00edodo, com 19 estados perdendo leitos pedi\u00e1tricos nessa rede. S\u00e3o Paulo desponta com a maior queda: ao todo foram 762 unidades encerradas, seguido do Rio Grande do Sul (-251) e Maranh\u00e3o (-217).<\/p>\n\n\n\n<p>Segundo os dados, os estados das regi\u00f5es Nordeste e Sudeste foram os que mais sofreram com a redu\u00e7\u00e3o de leitos de interna\u00e7\u00e3o no SUS, com 5.314 e 4.279 leitos a menos, respectivamente. Em seguida est\u00e3o as regi\u00f5es Sul (-2.442 leitos), Centro-Oeste (-1136) e Norte (-643).<\/p>\n\n\n\n<p>S\u00e3o Paulo foi o estado que mais perdeu leitos de interna\u00e7\u00e3o infantil entre 2010 e 2019, com 1.583 leitos pedi\u00e1tricos desativados. No sentido contr\u00e1rio dois estados tiveram aumento no n\u00famero de leitos SUS: Amap\u00e1, que saltou dos 182 leitos pedi\u00e1tricos existentes em 2010 para 237 no fim do ano passado, e Rond\u00f4nia, foi de 508 para 517.<\/p>\n\n\n\n<p>Entre as capitais, S\u00e3o Paulo lidera o&nbsp;<em>ranking<\/em>dos que mais perderam leitos na rede p\u00fablica (-422), seguidos por Fortaleza (-401) e Macei\u00f3 (-328). Tr\u00eas capitais, Salvador, Macap\u00e1 e Manaus, conseguiram elevar a taxa de leitos, o que sugere que o grande impacto de queda tenha reca\u00eddo sobre as demais cidades metropolitanas ou interioranas dos estados.&nbsp;<\/p>\n\n\n\n<h2 class=\"wp-block-heading\">Infraestrutura prec\u00e1ria<\/h2>\n\n\n\n<p>Segundo a presidente da SBP, Luciana Rodrigues Silva, as informa\u00e7\u00f5es coincidem com o panorama de limita\u00e7\u00f5es e prec\u00e1ria infraestrutura que se apresenta \u00e0queles que diariamente atuam nos servi\u00e7os de assist\u00eancia pedi\u00e1trica. \u201cA queda na qualidade do atendimento tem rela\u00e7\u00e3o direta com recursos materiais insuficientes. Essa progressiva redu\u00e7\u00e3o no n\u00famero de leitos implica obviamente em mais riscos para os pacientes, assim como demonstra o sucateamento que se alastra pela maioria dos servi\u00e7os de sa\u00fade do pa\u00eds\u201d, disse.<\/p>\n\n\n\n<p>De acordo com Luciana, entre os agravos que mais t\u00eam levado as crian\u00e7as a precisar de interna\u00e7\u00e3o est\u00e3o as doen\u00e7as respirat\u00f3rias, com preval\u00eancia acentuada nos per\u00edodos de outono e inverno, como bronquiolites, crises de asma e pneumonias. Os problemas gastrointestinais, casos de alergias e as chamadas arboviroses, tamb\u00e9m de ocorr\u00eancia sazonal, completam a lista que contribuem para o crescimento dessa demanda.<\/p>\n\n\n\n<h2 class=\"wp-block-heading\">UTIs neonatais<\/h2>\n\n\n\n<p>De acordo com a SBP, levando em conta o n\u00famero de prematuros que nascem no Brasil (912 por dia), faltam pelo menos 2.657 leitos intensivos neonatais em todo o Brasil, sendo que o ideal seria haver no m\u00ednimo quatro leitos para cada grupo de mil nascidos vivos.&nbsp;<\/p>\n\n\n\n<p>\u201cAtualmente, no entanto, dados do Cadastro Nacional de Estabelecimento de Sa\u00fade (Cnes) indicam a exist\u00eancia 9.037 leitos do tipo no pa\u00eds, p\u00fablicos e privados, que correspondem a 3,1 por mil nascidos vivos. Se considerados apenas os leitos oferecidos no SUS, esta taxa cai para 1,6 leitos por mil 1.000, considerando as 4.764 unidades existentes\u201d, diz a SBP.<\/p>\n\n\n\n<p>Entre os estados, o pior resultado apurado pela SBP consta em Roraima, onde os 12 leitos de UTI neonatal dispon\u00edveis comp\u00f5em a taxa de 1,02 leito por mil nascidos vivos. &nbsp;Na segunda pior posi\u00e7\u00e3o, o Amazonas, com 1,29 leito por um milhar, seguido do Acre, onde o mesmo grupo de rec\u00e9m-nascidos tem 1,34 leito. Na outra ponta, tr\u00eas unidades da federa\u00e7\u00e3o atingiram a taxa m\u00ednima preconizada pelos pediatras: Rio de Janeiro, com 5,53 leitos por mil nascidos vivos; Esp\u00edrito Santo, com taxa de 4,82 leitos; e Distrito Federal, com 4,22.<\/p>\n\n\n\n<h2 class=\"wp-block-heading\">Minist\u00e9rio da Sa\u00fade<\/h2>\n\n\n\n<p>Por meio de nota, o Minist\u00e9rio da Sa\u00fade informou que, de 2010 a maio de 2019 foi registrado aumento de quase tr\u00eas vezes no n\u00famero dos leitos complementares no SUS, incluindo os de Unidade de Terapia Intensiva (UTI), passando de 10.787 para 30.855, dos quais 4.764 de UTI Neonatal e 2.525 leitos de UTI Pedi\u00e1trico. Os leitos de UTI s\u00e3o os de maior complexidade, que exigem estrutura e esfor\u00e7o de profissionais, al\u00e9m de serem destinados a pacientes em casos graves.&nbsp;<\/p>\n\n\n\n<p>\u201cO Minist\u00e9rio da Sa\u00fade, nos \u00faltimos anos, investiu na expans\u00e3o de leitos pedi\u00e1tricos e neonatais para atendimento de maior complexidade, destinados a pacientes graves e que exigem maior estrutura e esfor\u00e7o de profissionais. O crescimento da oferta de leitos de cuidados intermedi\u00e1rios e intensivos para esses casos foi de 25% entre 2010 e 2018, totalizando atualmente mais de 11,6 mil leitos no SUS, de julho de 2010 a mar\u00e7o de 2019\u201d, diz a nota. &nbsp;<\/p>\n\n\n\n<p>Segundo o Minist\u00e9rio, a habilita\u00e7\u00e3o de novos leitos deve ser solicitada pelos gestores locais. A habilita\u00e7\u00e3o e a libera\u00e7\u00e3o de recursos s\u00e3o feitas mediante apresenta\u00e7\u00e3o de projetos, que s\u00e3o analisados pela pasta. \u201cO gestor local tamb\u00e9m tem autonomia para ampliar o n\u00famero de leitos com recursos pr\u00f3prios, a partir de sua avalia\u00e7\u00e3o em rela\u00e7\u00e3o a demanda e necessidade e capacidade instalada de oferta assistencial. A habilita\u00e7\u00e3o de leitos pelo Minist\u00e9rio da Sa\u00fade assegura recursos adicionais para o custeio do servi\u00e7o\u201d.<\/p>\n","protected":false},"excerpt":{"rendered":"<p>Um levantamento feito pela Sociedade Brasileira de Pediatria (SBP) mostrou que nos \u00faltimos nove anos o Brasil desativou 15,9 mil leitos de interna\u00e7\u00e3o pedi\u00e1trica, aqueles&hellip; <\/p>\n","protected":false},"author":1,"featured_media":99543,"comment_status":"closed","ping_status":"closed","sticky":false,"template":"","format":"standard","meta":{"sfsi_plus_gutenberg_text_before_share":"","sfsi_plus_gutenberg_show_text_before_share":"","sfsi_plus_gutenberg_icon_type":"","sfsi_plus_gutenberg_icon_alignemt":"","sfsi_plus_gutenburg_max_per_row":"","footnotes":""},"categories":[2],"tags":[],"class_list":["post-107442","post","type-post","status-publish","format-standard","has-post-thumbnail","hentry","category-geral"],"_links":{"self":[{"href":"https:\/\/www.caririemacao.com\/1\/wp-json\/wp\/v2\/posts\/107442","targetHints":{"allow":["GET"]}}],"collection":[{"href":"https:\/\/www.caririemacao.com\/1\/wp-json\/wp\/v2\/posts"}],"about":[{"href":"https:\/\/www.caririemacao.com\/1\/wp-json\/wp\/v2\/types\/post"}],"author":[{"embeddable":true,"href":"https:\/\/www.caririemacao.com\/1\/wp-json\/wp\/v2\/users\/1"}],"replies":[{"embeddable":true,"href":"https:\/\/www.caririemacao.com\/1\/wp-json\/wp\/v2\/comments?post=107442"}],"version-history":[{"count":1,"href":"https:\/\/www.caririemacao.com\/1\/wp-json\/wp\/v2\/posts\/107442\/revisions"}],"predecessor-version":[{"id":107443,"href":"https:\/\/www.caririemacao.com\/1\/wp-json\/wp\/v2\/posts\/107442\/revisions\/107443"}],"wp:featuredmedia":[{"embeddable":true,"href":"https:\/\/www.caririemacao.com\/1\/wp-json\/wp\/v2\/media\/99543"}],"wp:attachment":[{"href":"https:\/\/www.caririemacao.com\/1\/wp-json\/wp\/v2\/media?parent=107442"}],"wp:term":[{"taxonomy":"category","embeddable":true,"href":"https:\/\/www.caririemacao.com\/1\/wp-json\/wp\/v2\/categories?post=107442"},{"taxonomy":"post_tag","embeddable":true,"href":"https:\/\/www.caririemacao.com\/1\/wp-json\/wp\/v2\/tags?post=107442"}],"curies":[{"name":"wp","href":"https:\/\/api.w.org\/{rel}","templated":true}]}}