{"id":107452,"date":"2019-07-29T18:53:43","date_gmt":"2019-07-29T21:53:43","guid":{"rendered":"http:\/\/www.caririemacao.com\/1\/?p=107452"},"modified":"2019-07-29T18:53:43","modified_gmt":"2019-07-29T21:53:43","slug":"prefeito-eden-duarte-inaugura-obras-entrega-beneficios-e-discute-prioridades-com-a-populacao","status":"publish","type":"post","link":"https:\/\/www.caririemacao.com\/1\/2019\/07\/29\/prefeito-eden-duarte-inaugura-obras-entrega-beneficios-e-discute-prioridades-com-a-populacao\/","title":{"rendered":"Prefeito \u00c9den Duarte inaugura obras, entrega benef\u00edcios e discute prioridades com a popula\u00e7\u00e3o"},"content":{"rendered":"\n<p>O prefeito \u00c9den Duarte participou nesse final de semana de mais uma rodada de audi\u00eancias p\u00fablicas do Or\u00e7amento Democr\u00e1tico Municipal \u2013 Ciclo 2019. As plen\u00e1rias ocorreram, na sexta-feira (26) para a regi\u00e3o do centro da cidade, no s\u00e1bado (27) em Terra Vermelha e no domingo (28) foi vez de Pio X.<\/p>\n\n\n\n<p>Neste final de semana, al\u00e9m de ouvir a popula\u00e7\u00e3o, o prefeito levou benef\u00edcios para as comunidades rurais, com destaque no Distrito de Pio X, onde ele anunciou a constru\u00e7\u00e3o de uma linda e moderna pra\u00e7a para a localidade, surpreendendo todos os moradores presentes que at\u00e9 ent\u00e3o n\u00e3o sabiam da novidade.<\/p>\n\n\n\n<p>Ainda no Pio X, \u00c9den inaugurou o refeit\u00f3rio da Escola de Campo Jos\u00e9 Bonif\u00e1cio Pereira, entregou um novo freezer com capacidade de 500 litros e um computador. Na mesma plen\u00e1ria, o prefeito fez tamb\u00e9m a entrega da reforma do Gin\u00e1sio O Andrez\u00e3o.&nbsp;<\/p>\n\n\n\n<p>Na comunidade de Terra Vermelha, \u00c9den entregou um freezer de 500 litros para a Escola Municipal Manoel In\u00e1cio, da comunidade de Po\u00e7o da Pedra e firmou um conv\u00eanio de presta\u00e7\u00e3o de servi\u00e7o para opera\u00e7\u00e3o, manuten\u00e7\u00e3o e conserva\u00e7\u00e3o do sistema de dessaliniza\u00e7\u00e3o (Programa \u00c1gua Doce) para a comunidade do S\u00edtio Tigre.<\/p>\n\n\n\n<p>Seja na cidade ou na zona rural, as audi\u00eancias p\u00fablicas do Or\u00e7amento Democr\u00e1tico Municipal de Sum\u00e9 t\u00eam superado as expectativas de p\u00fablico.&nbsp;<\/p>\n\n\n\n<p>Na plen\u00e1ria do Centro da cidade participaram cerca de 200 moradores e estiveram presentes 357 pessoas, sendo os conselheiros eleitos: Veronaldo da Silva, Lucineide Lira, Jo\u00e3o Paulo Miranda, Carlos Albino e Magna Medeiros.<\/p>\n\n\n\n<p>Alessandra Palmeira foi eleita a conselheira que ir\u00e1 representar a regi\u00e3o de Terra Vermelha junto ao ODM.<\/p>\n\n\n\n<p>No Pio X foram eleitos conselheiros: Anildo An\u00edzio da Silva, Luzia Nogueira Morais da Silva e Wilson Batista de Oliveira.<\/p>\n\n\n\n<p>As audi\u00eancias seguem at\u00e9 o final do m\u00eas de agosto, totalizando 13 plen\u00e1rias em todo o munic\u00edpio. Nessas ocasi\u00f5es, a popula\u00e7\u00e3o presente elege as prioridades de investimentos para suas respectivas regi\u00f5es, elenca quais obras, servi\u00e7os e a\u00e7\u00f5es devem ser implantados\/melhorados em suas comunidades.<\/p>\n\n\n\n<p>Al\u00e9m do prefeito, do vice-prefeito Dr\u00f3 e de toda a comitiva do governo municipal, as plen\u00e1rias contam sempre com a participa\u00e7\u00e3o dos vereadores, presidentes de associa\u00e7\u00f5es comunit\u00e1rias e representantes da sociedade civil.<\/p>\n\n\n\n<p>Ascom PMS<\/p>\n","protected":false},"excerpt":{"rendered":"<p>O prefeito \u00c9den Duarte participou nesse final de semana de mais uma rodada de audi\u00eancias p\u00fablicas do Or\u00e7amento Democr\u00e1tico Municipal \u2013 Ciclo 2019. As plen\u00e1rias&hellip; <\/p>\n","protected":false},"author":1,"featured_media":107453,"comment_status":"closed","ping_status":"closed","sticky":false,"template":"","format":"standard","meta":{"sfsi_plus_gutenberg_text_before_share":"","sfsi_plus_gutenberg_show_text_before_share":"","sfsi_plus_gutenberg_icon_type":"","sfsi_plus_gutenberg_icon_alignemt":"","sfsi_plus_gutenburg_max_per_row":"","footnotes":""},"categories":[6,50],"tags":[],"class_list":["post-107452","post","type-post","status-publish","format-standard","has-post-thumbnail","hentry","category-cidades","category-destaque"],"_links":{"self":[{"href":"https:\/\/www.caririemacao.com\/1\/wp-json\/wp\/v2\/posts\/107452","targetHints":{"allow":["GET"]}}],"collection":[{"href":"https:\/\/www.caririemacao.com\/1\/wp-json\/wp\/v2\/posts"}],"about":[{"href":"https:\/\/www.caririemacao.com\/1\/wp-json\/wp\/v2\/types\/post"}],"author":[{"embeddable":true,"href":"https:\/\/www.caririemacao.com\/1\/wp-json\/wp\/v2\/users\/1"}],"replies":[{"embeddable":true,"href":"https:\/\/www.caririemacao.com\/1\/wp-json\/wp\/v2\/comments?post=107452"}],"version-history":[{"count":1,"href":"https:\/\/www.caririemacao.com\/1\/wp-json\/wp\/v2\/posts\/107452\/revisions"}],"predecessor-version":[{"id":107454,"href":"https:\/\/www.caririemacao.com\/1\/wp-json\/wp\/v2\/posts\/107452\/revisions\/107454"}],"wp:featuredmedia":[{"embeddable":true,"href":"https:\/\/www.caririemacao.com\/1\/wp-json\/wp\/v2\/media\/107453"}],"wp:attachment":[{"href":"https:\/\/www.caririemacao.com\/1\/wp-json\/wp\/v2\/media?parent=107452"}],"wp:term":[{"taxonomy":"category","embeddable":true,"href":"https:\/\/www.caririemacao.com\/1\/wp-json\/wp\/v2\/categories?post=107452"},{"taxonomy":"post_tag","embeddable":true,"href":"https:\/\/www.caririemacao.com\/1\/wp-json\/wp\/v2\/tags?post=107452"}],"curies":[{"name":"wp","href":"https:\/\/api.w.org\/{rel}","templated":true}]}}