{"id":107463,"date":"2019-07-29T19:03:12","date_gmt":"2019-07-29T22:03:12","guid":{"rendered":"http:\/\/www.caririemacao.com\/1\/?p=107463"},"modified":"2019-07-29T19:03:12","modified_gmt":"2019-07-29T22:03:12","slug":"empreender-abre-inscricoes-e-renovacao-para-dez-cidades-do-cariri-paraibano","status":"publish","type":"post","link":"https:\/\/www.caririemacao.com\/1\/2019\/07\/29\/empreender-abre-inscricoes-e-renovacao-para-dez-cidades-do-cariri-paraibano\/","title":{"rendered":"Empreender abre inscri\u00e7\u00f5es e renova\u00e7\u00e3o para dez cidades do Cariri paraibano"},"content":{"rendered":"\n<p>O Programa Empreender Para\u00edba abre, nesta segunda (29) e ter\u00e7a-feira (30), as inscri\u00e7\u00f5es para o primeiro empr\u00e9stimo e renova\u00e7\u00e3o de cr\u00e9dito. A partir das 14h desta segunda (29), as inscri\u00e7\u00f5es para o primeiro cr\u00e9dito s\u00e3o destinadas aos munic\u00edpios da 4\u00aa e 5\u00aa regi\u00f5es do estado, s\u00e3o eles: Amparo, Camala\u00fa, Congo, Coxixola, Parari, Prata, S\u00e3o Jo\u00e3o do Cariri, S\u00e3o Jo\u00e3o do Tigre, Zabel\u00ea, Barra de Santa Rosa, Cubati, Cuit\u00e9, Frei Martinho, Nova Palmeira e Picu\u00ed.<\/p>\n\n\n\n<p>Ser\u00e3o disponibilizadas 30 vagas para cada cidade, destinadas aos empreendedores que desejarem iniciar o seu pr\u00f3prio neg\u00f3cio ou a amplia\u00e7\u00e3o de um j\u00e1 existente. As inscri\u00e7\u00f5es ser\u00e3o feitas no site www.empreender.pb.gov.br e podem ser realizadas por pessoas f\u00edsicas maiores de 18 anos, legalmente emancipadas e que residam na Para\u00edba h\u00e1 pelo menos seis meses.<\/p>\n\n\n\n<p>J\u00e1 na ter\u00e7a-feira (30), a partir das 10h, ser\u00e3o iniciados os cadastros de renova\u00e7\u00e3o de cr\u00e9dito para os empreendedores que j\u00e1 realizaram a quita\u00e7\u00e3o do empr\u00e9stimo junto ao Empreender. Os munic\u00edpios abrangem a 9\u00aa regi\u00e3o do Estado: Cajazeiras, S\u00e3o Jo\u00e3o do Rio do Peixe, Bernardino Batista, Bom Jesus, Bonito de Santa F\u00e9, Cachoeira dos \u00cdndios, Carrapateira, Monte Horebe, Po\u00e7o Dantas, Po\u00e7o de Jos\u00e9 de Moura, Santa Helena, Joca Claudino, S\u00e3o Jos\u00e9 de Piranhas, Triunfo e Uira\u00fana.<\/p>\n\n\n\n<p>Os empreendedores que forem realizar as inscri\u00e7\u00f5es devem estar atentos \u00e0 documenta\u00e7\u00e3o exigida pelo Empreender no ato da inscri\u00e7\u00e3o. As informa\u00e7\u00f5es encontram-se no Edital dispon\u00edvel no site www.empreender.pb.gov.br<\/p>\n","protected":false},"excerpt":{"rendered":"<p>O Programa Empreender Para\u00edba abre, nesta segunda (29) e ter\u00e7a-feira (30), as inscri\u00e7\u00f5es para o primeiro empr\u00e9stimo e renova\u00e7\u00e3o de cr\u00e9dito. A partir das 14h&hellip; <\/p>\n","protected":false},"author":1,"featured_media":66745,"comment_status":"closed","ping_status":"closed","sticky":false,"template":"","format":"standard","meta":{"sfsi_plus_gutenberg_text_before_share":"","sfsi_plus_gutenberg_show_text_before_share":"","sfsi_plus_gutenberg_icon_type":"","sfsi_plus_gutenberg_icon_alignemt":"","sfsi_plus_gutenburg_max_per_row":"","footnotes":""},"categories":[2],"tags":[],"class_list":["post-107463","post","type-post","status-publish","format-standard","has-post-thumbnail","hentry","category-geral"],"_links":{"self":[{"href":"https:\/\/www.caririemacao.com\/1\/wp-json\/wp\/v2\/posts\/107463","targetHints":{"allow":["GET"]}}],"collection":[{"href":"https:\/\/www.caririemacao.com\/1\/wp-json\/wp\/v2\/posts"}],"about":[{"href":"https:\/\/www.caririemacao.com\/1\/wp-json\/wp\/v2\/types\/post"}],"author":[{"embeddable":true,"href":"https:\/\/www.caririemacao.com\/1\/wp-json\/wp\/v2\/users\/1"}],"replies":[{"embeddable":true,"href":"https:\/\/www.caririemacao.com\/1\/wp-json\/wp\/v2\/comments?post=107463"}],"version-history":[{"count":1,"href":"https:\/\/www.caririemacao.com\/1\/wp-json\/wp\/v2\/posts\/107463\/revisions"}],"predecessor-version":[{"id":107464,"href":"https:\/\/www.caririemacao.com\/1\/wp-json\/wp\/v2\/posts\/107463\/revisions\/107464"}],"wp:featuredmedia":[{"embeddable":true,"href":"https:\/\/www.caririemacao.com\/1\/wp-json\/wp\/v2\/media\/66745"}],"wp:attachment":[{"href":"https:\/\/www.caririemacao.com\/1\/wp-json\/wp\/v2\/media?parent=107463"}],"wp:term":[{"taxonomy":"category","embeddable":true,"href":"https:\/\/www.caririemacao.com\/1\/wp-json\/wp\/v2\/categories?post=107463"},{"taxonomy":"post_tag","embeddable":true,"href":"https:\/\/www.caririemacao.com\/1\/wp-json\/wp\/v2\/tags?post=107463"}],"curies":[{"name":"wp","href":"https:\/\/api.w.org\/{rel}","templated":true}]}}