{"id":107473,"date":"2019-07-30T08:59:33","date_gmt":"2019-07-30T11:59:33","guid":{"rendered":"http:\/\/www.caririemacao.com\/1\/?p=107473"},"modified":"2019-07-30T08:59:33","modified_gmt":"2019-07-30T11:59:33","slug":"inscricoes-para-cfo-da-policia-militar-terminam-nesta-terca-feira","status":"publish","type":"post","link":"https:\/\/www.caririemacao.com\/1\/2019\/07\/30\/inscricoes-para-cfo-da-policia-militar-terminam-nesta-terca-feira\/","title":{"rendered":"Inscri\u00e7\u00f5es para CFO da Pol\u00edcia Militar terminam nesta ter\u00e7a-feira"},"content":{"rendered":"\n<p>As inscri\u00e7\u00f5es para o&nbsp;Curso de Forma\u00e7\u00e3o de Oficiais da Pol\u00edcia Militar da Para\u00edba termina nesta ter\u00e7a-feira (30), com 30 vagas&nbsp;para os cargos de Oficial da Pol\u00edcia Militar.&nbsp;<\/p>\n\n\n\n<p>Os interessados podem se inscrever atrav\u00e9s do&nbsp;<a href=\"http:\/\/www.pm.pb.gov.br\/portal\/noticias-pmpb\/\">site da Pol\u00edcia Militar<\/a>, com taxa de inscri\u00e7\u00e3o no valor de R$ 50.<\/p>\n\n\n\n<p>Das vagas oferecidas 25 s\u00e3o destinadas a candidatos do sexo masculino e cinco vagas s\u00e3o destinadas a candidatas do sexo feminino.<\/p>\n\n\n\n<p>O concurso ser\u00e1 composto de cinco fases distintas, assim dispostas:<\/p>\n\n\n\n<ul class=\"wp-block-list\"><li>1\u00aa Fase \u2013 Exame Intelectual (Provas Escritas \u2013 Enem 2019);<\/li><li>2\u00aa Fase \u2013 Exame Psicol\u00f3gico;<\/li><li>3\u00aa Fase \u2013 Exame de Sa\u00fade;<\/li><li>4\u00aa Fase \u2013 Exame de Aptid\u00e3o F\u00edsica;<\/li><li>5\u00aa Fase \u2013 Avalia\u00e7\u00e3o Social (Somente para os candidatos matriculados no CFO PM\/2020).<\/li><\/ul>\n\n\n\n<p>Os aprovados no curso ingressa como&nbsp;Cadete do CFO PM, com sal\u00e1rio inicial de R$2.924,89 e ao termin\u00e1-lo com aproveitamento, o concluinte ser\u00e1 declarado Aspirante-a-Oficial PM.<\/p>\n","protected":false},"excerpt":{"rendered":"<p>As inscri\u00e7\u00f5es para o&nbsp;Curso de Forma\u00e7\u00e3o de Oficiais da Pol\u00edcia Militar da Para\u00edba termina nesta ter\u00e7a-feira (30), com 30 vagas&nbsp;para os cargos de Oficial da&hellip; <\/p>\n","protected":false},"author":1,"featured_media":102896,"comment_status":"closed","ping_status":"closed","sticky":false,"template":"","format":"standard","meta":{"sfsi_plus_gutenberg_text_before_share":"","sfsi_plus_gutenberg_show_text_before_share":"","sfsi_plus_gutenberg_icon_type":"","sfsi_plus_gutenberg_icon_alignemt":"","sfsi_plus_gutenburg_max_per_row":"","footnotes":""},"categories":[2],"tags":[],"class_list":["post-107473","post","type-post","status-publish","format-standard","has-post-thumbnail","hentry","category-geral"],"_links":{"self":[{"href":"https:\/\/www.caririemacao.com\/1\/wp-json\/wp\/v2\/posts\/107473","targetHints":{"allow":["GET"]}}],"collection":[{"href":"https:\/\/www.caririemacao.com\/1\/wp-json\/wp\/v2\/posts"}],"about":[{"href":"https:\/\/www.caririemacao.com\/1\/wp-json\/wp\/v2\/types\/post"}],"author":[{"embeddable":true,"href":"https:\/\/www.caririemacao.com\/1\/wp-json\/wp\/v2\/users\/1"}],"replies":[{"embeddable":true,"href":"https:\/\/www.caririemacao.com\/1\/wp-json\/wp\/v2\/comments?post=107473"}],"version-history":[{"count":1,"href":"https:\/\/www.caririemacao.com\/1\/wp-json\/wp\/v2\/posts\/107473\/revisions"}],"predecessor-version":[{"id":107474,"href":"https:\/\/www.caririemacao.com\/1\/wp-json\/wp\/v2\/posts\/107473\/revisions\/107474"}],"wp:featuredmedia":[{"embeddable":true,"href":"https:\/\/www.caririemacao.com\/1\/wp-json\/wp\/v2\/media\/102896"}],"wp:attachment":[{"href":"https:\/\/www.caririemacao.com\/1\/wp-json\/wp\/v2\/media?parent=107473"}],"wp:term":[{"taxonomy":"category","embeddable":true,"href":"https:\/\/www.caririemacao.com\/1\/wp-json\/wp\/v2\/categories?post=107473"},{"taxonomy":"post_tag","embeddable":true,"href":"https:\/\/www.caririemacao.com\/1\/wp-json\/wp\/v2\/tags?post=107473"}],"curies":[{"name":"wp","href":"https:\/\/api.w.org\/{rel}","templated":true}]}}