{"id":107495,"date":"2019-07-30T09:31:03","date_gmt":"2019-07-30T12:31:03","guid":{"rendered":"http:\/\/www.caririemacao.com\/1\/?p=107495"},"modified":"2019-07-30T09:31:03","modified_gmt":"2019-07-30T12:31:03","slug":"inflacao-do-aluguel-e-de-639-em-12-meses","status":"publish","type":"post","link":"https:\/\/www.caririemacao.com\/1\/2019\/07\/30\/inflacao-do-aluguel-e-de-639-em-12-meses\/","title":{"rendered":"Infla\u00e7\u00e3o do aluguel \u00e9 de 6,39% em 12 meses"},"content":{"rendered":"\n<p>O \u00cdndice Geral de Pre\u00e7os &#8211; Mercado (IGP-M) aumentou 0,40% este m\u00eas, contra 0,80% em junho. O \u00edndice, medido pela Funda\u00e7\u00e3o Get\u00falio Vargas (FGV), registra este ano uma alta de 4,79%. No acumulado dos \u00faltimos 12 meses, a alta \u00e9 6,39%.<\/p>\n\n\n\n<p>O IGP-M \u00e9 usado como refer\u00eancia para o reajuste dos alugu\u00e9is.<\/p>\n\n\n\n<p>A taxa de julho deste ano \u00e9 menor que a registrada no mesmo m\u00eas de 2018, quando o \u00edndice havia subido 0,51% no m\u00eas e acumulava alta de 8,24% em 12 meses.<\/p>\n\n\n\n<p>Depois de uma alta de 1,16% no m\u00eas passado, o \u00cdndice de Pre\u00e7os ao Produtor Amplo (IPA) tamb\u00e9m ficou em 0,40% em julho. Segundo a FGV, os alimentos in natura foram os principais respons\u00e1veis pela alta, cuja taxa passou de 4,95% negativos para 0,58%.<\/p>\n\n\n\n<p>O \u00cdndice de Pre\u00e7os ao Consumidor (IPC) subiu 0,16% em julho, ap\u00f3s queda de 0,07% em junho. As principais contribui\u00e7\u00f5es para o \u00edndice foram: alimenta\u00e7\u00e3o (-0,55% para 0,22%) e habita\u00e7\u00e3o (0,17% para 0,55%). O grupo hortali\u00e7as e legumes passou de 4,37% negativos para 1,60%, no per\u00edodo.<\/p>\n\n\n\n<p>O \u00cdndice Nacional de Custo da Constru\u00e7\u00e3o (INCC) subiu 0,91% em julho, ante 0,44% no m\u00eas anterior.<\/p>\n","protected":false},"excerpt":{"rendered":"<p>O \u00cdndice Geral de Pre\u00e7os &#8211; Mercado (IGP-M) aumentou 0,40% este m\u00eas, contra 0,80% em junho. O \u00edndice, medido pela Funda\u00e7\u00e3o Get\u00falio Vargas (FGV), registra&hellip; <\/p>\n","protected":false},"author":1,"featured_media":9677,"comment_status":"closed","ping_status":"closed","sticky":false,"template":"","format":"standard","meta":{"sfsi_plus_gutenberg_text_before_share":"","sfsi_plus_gutenberg_show_text_before_share":"","sfsi_plus_gutenberg_icon_type":"","sfsi_plus_gutenberg_icon_alignemt":"","sfsi_plus_gutenburg_max_per_row":"","footnotes":""},"categories":[2],"tags":[],"class_list":["post-107495","post","type-post","status-publish","format-standard","has-post-thumbnail","hentry","category-geral"],"_links":{"self":[{"href":"https:\/\/www.caririemacao.com\/1\/wp-json\/wp\/v2\/posts\/107495","targetHints":{"allow":["GET"]}}],"collection":[{"href":"https:\/\/www.caririemacao.com\/1\/wp-json\/wp\/v2\/posts"}],"about":[{"href":"https:\/\/www.caririemacao.com\/1\/wp-json\/wp\/v2\/types\/post"}],"author":[{"embeddable":true,"href":"https:\/\/www.caririemacao.com\/1\/wp-json\/wp\/v2\/users\/1"}],"replies":[{"embeddable":true,"href":"https:\/\/www.caririemacao.com\/1\/wp-json\/wp\/v2\/comments?post=107495"}],"version-history":[{"count":1,"href":"https:\/\/www.caririemacao.com\/1\/wp-json\/wp\/v2\/posts\/107495\/revisions"}],"predecessor-version":[{"id":107496,"href":"https:\/\/www.caririemacao.com\/1\/wp-json\/wp\/v2\/posts\/107495\/revisions\/107496"}],"wp:featuredmedia":[{"embeddable":true,"href":"https:\/\/www.caririemacao.com\/1\/wp-json\/wp\/v2\/media\/9677"}],"wp:attachment":[{"href":"https:\/\/www.caririemacao.com\/1\/wp-json\/wp\/v2\/media?parent=107495"}],"wp:term":[{"taxonomy":"category","embeddable":true,"href":"https:\/\/www.caririemacao.com\/1\/wp-json\/wp\/v2\/categories?post=107495"},{"taxonomy":"post_tag","embeddable":true,"href":"https:\/\/www.caririemacao.com\/1\/wp-json\/wp\/v2\/tags?post=107495"}],"curies":[{"name":"wp","href":"https:\/\/api.w.org\/{rel}","templated":true}]}}