{"id":107499,"date":"2019-07-30T09:36:23","date_gmt":"2019-07-30T12:36:23","guid":{"rendered":"http:\/\/www.caririemacao.com\/1\/?p=107499"},"modified":"2019-07-30T09:36:23","modified_gmt":"2019-07-30T12:36:23","slug":"bolsonaro-invasao-de-telefone-e-crime-e-ponto-final","status":"publish","type":"post","link":"https:\/\/www.caririemacao.com\/1\/2019\/07\/30\/bolsonaro-invasao-de-telefone-e-crime-e-ponto-final\/","title":{"rendered":"Bolsonaro: invas\u00e3o de telefone \u00e9 crime e ponto final"},"content":{"rendered":"\n<p>O presidente Jair Bolsonaro afirmou  por meio de seu porta-voz, Ot\u00e1vio R\u00eago Barros, que a invas\u00e3o de telefones de autoridades &#8220;\u00e9 crime e ponto final&#8221;. Foi uma refer\u00eancia \u00e0 intercepta\u00e7\u00e3o de comunica\u00e7\u00f5es privadas do ministro Sergio Moro e diversas outras autoridades. Investiga\u00e7\u00e3o da\u00a0<a rel=\"noreferrer noopener\" href=\"http:\/\/agenciabrasil.ebc.com.br\/geral\/noticia\/2019-07\/pf-detem-quatro-suspeitos-de-invadir-telefone-de-sergio-moro\" target=\"_blank\">Pol\u00edcia Federal sobre o caso<\/a>, batizada de Opera\u00e7\u00e3o Spoofing, prendeu quatro suspeitos do crime na semana passada.\u00a0<\/p>\n\n\n\n<p>&#8220;O presidente tem se pronunciado, no entendimento de que essa a\u00e7\u00e3o de&nbsp;<em>hackers&nbsp;<\/em>tem &#8216;a inten\u00e7\u00e3o de atingir a [Opera\u00e7\u00e3o] Lava-Jato, o ministro Sergio Moro, atingir a minha pessoa [Bolsonaro], tentar desqualificar, tentar desgastar o governo&#8217;. E ressaltou que &#8216;a invas\u00e3o de telefones \u00e9 crime e ponto final'&#8221;, disse o porta-voz, em entrevista coletiva no Pal\u00e1cio do Planalto.&nbsp;<\/p>\n\n\n\n<p>O principal suspeito de invadir as comunica\u00e7\u00f5es privadas de autoridades, Walter Delgatti Neto, afirmou, em depoimento, que foi ele quem entregou voluntariamente o conte\u00fado das mensagens ao jornalista norte-americano Glenn Greenwald e que n\u00e3o foi pago para isso.<\/p>\n\n\n\n<p>Greenwald \u00e9 fundador do site The Intercept, que tem divulgado as trocas de mensagens atribu\u00eddas a procuradores da Lava Jato e ao ministro da Justi\u00e7a e Seguran\u00e7a P\u00fablica, Sergio Moro, ent\u00e3o juiz que comandava as a\u00e7\u00f5es da opera\u00e7\u00e3o em Curitiba.<\/p>\n\n\n\n<p>No fim de semana, Bolsonaro disse que Glenn Greenwald<a href=\"http:\/\/agenciabrasil.ebc.com.br\/politica\/noticia\/2019-07\/bolsonaro-diz-que-jornalista-nao-precisa-se-preocupar-com-deportacao\" target=\"_blank\" rel=\"noreferrer noopener\">&nbsp;&#8220;talvez pegue uma cana aqui no Brasil&#8221;<\/a>. Segundo o porta-voz do governo, trata-se de uma &#8220;percep\u00e7\u00e3o pessoal&#8221; do presidente.&nbsp;<\/p>\n","protected":false},"excerpt":{"rendered":"<p>O presidente Jair Bolsonaro afirmou por meio de seu porta-voz, Ot\u00e1vio R\u00eago Barros, que a invas\u00e3o de telefones de autoridades &#8220;\u00e9 crime e ponto final&#8221;.&hellip; <\/p>\n","protected":false},"author":1,"featured_media":107204,"comment_status":"closed","ping_status":"closed","sticky":false,"template":"","format":"standard","meta":{"sfsi_plus_gutenberg_text_before_share":"","sfsi_plus_gutenberg_show_text_before_share":"","sfsi_plus_gutenberg_icon_type":"","sfsi_plus_gutenberg_icon_alignemt":"","sfsi_plus_gutenburg_max_per_row":"","footnotes":""},"categories":[11],"tags":[],"class_list":["post-107499","post","type-post","status-publish","format-standard","has-post-thumbnail","hentry","category-politica"],"_links":{"self":[{"href":"https:\/\/www.caririemacao.com\/1\/wp-json\/wp\/v2\/posts\/107499","targetHints":{"allow":["GET"]}}],"collection":[{"href":"https:\/\/www.caririemacao.com\/1\/wp-json\/wp\/v2\/posts"}],"about":[{"href":"https:\/\/www.caririemacao.com\/1\/wp-json\/wp\/v2\/types\/post"}],"author":[{"embeddable":true,"href":"https:\/\/www.caririemacao.com\/1\/wp-json\/wp\/v2\/users\/1"}],"replies":[{"embeddable":true,"href":"https:\/\/www.caririemacao.com\/1\/wp-json\/wp\/v2\/comments?post=107499"}],"version-history":[{"count":1,"href":"https:\/\/www.caririemacao.com\/1\/wp-json\/wp\/v2\/posts\/107499\/revisions"}],"predecessor-version":[{"id":107500,"href":"https:\/\/www.caririemacao.com\/1\/wp-json\/wp\/v2\/posts\/107499\/revisions\/107500"}],"wp:featuredmedia":[{"embeddable":true,"href":"https:\/\/www.caririemacao.com\/1\/wp-json\/wp\/v2\/media\/107204"}],"wp:attachment":[{"href":"https:\/\/www.caririemacao.com\/1\/wp-json\/wp\/v2\/media?parent=107499"}],"wp:term":[{"taxonomy":"category","embeddable":true,"href":"https:\/\/www.caririemacao.com\/1\/wp-json\/wp\/v2\/categories?post=107499"},{"taxonomy":"post_tag","embeddable":true,"href":"https:\/\/www.caririemacao.com\/1\/wp-json\/wp\/v2\/tags?post=107499"}],"curies":[{"name":"wp","href":"https:\/\/api.w.org\/{rel}","templated":true}]}}