{"id":107502,"date":"2019-07-30T09:42:22","date_gmt":"2019-07-30T12:42:22","guid":{"rendered":"http:\/\/www.caririemacao.com\/1\/?p=107502"},"modified":"2019-07-30T09:42:22","modified_gmt":"2019-07-30T12:42:22","slug":"cantora-rege-plateia-em-xingamento-contra-bolsonaro-durante-show","status":"publish","type":"post","link":"https:\/\/www.caririemacao.com\/1\/2019\/07\/30\/cantora-rege-plateia-em-xingamento-contra-bolsonaro-durante-show\/","title":{"rendered":"Cantora rege plateia em xingamento contra Bolsonaro durante show"},"content":{"rendered":"\n<p>Gal Costa, 73, regeu e acompanhou a plateia em xingamento contra o presidente Jair Bolsonaro (PSL), durante show no Festival de Inverno de Bonito, em Mato Grosso do Sul, no s\u00e1bado (26). A cantora publicou o momento em v\u00eddeo no Stories do seu Instagram.<\/p>\n\n\n\n<p>Nas imagens, o p\u00fablico entoa em coro: \u2018Ei, Bolsonaro, vai tomar no cu\u201d. Gal Costa aparece dan\u00e7ando e cantando junto, mas sem usar o microfone. Ao fundo, a sua banda toca uma marchinha.<\/p>\n\n\n\n<p>Antes das elei\u00e7\u00f5es presidenciais de 2018, Gal se juntou aos artistas que aderiram ao movimento #EleN\u00e3o, contr\u00e1rio a Bolsonaro (PSL). \u201cSomos mulheres lutando contra a candidatura de um cara fascista, grosseiro, intolerante, que n\u00e3o sabe conviver com as diferen\u00e7as. Eu resolvi aderir, por que n\u00e3o?\u201d, disse ela, na ocasi\u00e3o, em entrevista ao jornal Folha de S.Paulo.<\/p>\n\n\n\n<p>A cantora est\u00e1 em turn\u00ea pelo pa\u00eds do seu \u00faltimo \u00e1lbum, \u201cA Pele do Futuro\u201d. No pr\u00f3ximo dia 3 de agosto, ela se apresenta em Jaguari\u00fana&nbsp;(a 134 km de S\u00e3o Paulo).<\/p>\n","protected":false},"excerpt":{"rendered":"<p>Gal Costa, 73, regeu e acompanhou a plateia em xingamento contra o presidente Jair Bolsonaro (PSL), durante show no Festival de Inverno de Bonito, em&hellip; <\/p>\n","protected":false},"author":1,"featured_media":107503,"comment_status":"closed","ping_status":"closed","sticky":false,"template":"","format":"standard","meta":{"sfsi_plus_gutenberg_text_before_share":"","sfsi_plus_gutenberg_show_text_before_share":"","sfsi_plus_gutenberg_icon_type":"","sfsi_plus_gutenberg_icon_alignemt":"","sfsi_plus_gutenburg_max_per_row":"","footnotes":""},"categories":[2],"tags":[],"class_list":["post-107502","post","type-post","status-publish","format-standard","has-post-thumbnail","hentry","category-geral"],"_links":{"self":[{"href":"https:\/\/www.caririemacao.com\/1\/wp-json\/wp\/v2\/posts\/107502","targetHints":{"allow":["GET"]}}],"collection":[{"href":"https:\/\/www.caririemacao.com\/1\/wp-json\/wp\/v2\/posts"}],"about":[{"href":"https:\/\/www.caririemacao.com\/1\/wp-json\/wp\/v2\/types\/post"}],"author":[{"embeddable":true,"href":"https:\/\/www.caririemacao.com\/1\/wp-json\/wp\/v2\/users\/1"}],"replies":[{"embeddable":true,"href":"https:\/\/www.caririemacao.com\/1\/wp-json\/wp\/v2\/comments?post=107502"}],"version-history":[{"count":1,"href":"https:\/\/www.caririemacao.com\/1\/wp-json\/wp\/v2\/posts\/107502\/revisions"}],"predecessor-version":[{"id":107504,"href":"https:\/\/www.caririemacao.com\/1\/wp-json\/wp\/v2\/posts\/107502\/revisions\/107504"}],"wp:featuredmedia":[{"embeddable":true,"href":"https:\/\/www.caririemacao.com\/1\/wp-json\/wp\/v2\/media\/107503"}],"wp:attachment":[{"href":"https:\/\/www.caririemacao.com\/1\/wp-json\/wp\/v2\/media?parent=107502"}],"wp:term":[{"taxonomy":"category","embeddable":true,"href":"https:\/\/www.caririemacao.com\/1\/wp-json\/wp\/v2\/categories?post=107502"},{"taxonomy":"post_tag","embeddable":true,"href":"https:\/\/www.caririemacao.com\/1\/wp-json\/wp\/v2\/tags?post=107502"}],"curies":[{"name":"wp","href":"https:\/\/api.w.org\/{rel}","templated":true}]}}