{"id":107515,"date":"2019-07-30T10:04:25","date_gmt":"2019-07-30T13:04:25","guid":{"rendered":"http:\/\/www.caririemacao.com\/1\/?p=107515"},"modified":"2019-07-30T10:04:25","modified_gmt":"2019-07-30T13:04:25","slug":"bolsonaro-anuncia-criacao-da-secretaria-de-animais","status":"publish","type":"post","link":"https:\/\/www.caririemacao.com\/1\/2019\/07\/30\/bolsonaro-anuncia-criacao-da-secretaria-de-animais\/","title":{"rendered":"Bolsonaro anuncia cria\u00e7\u00e3o da Secretaria de Animais"},"content":{"rendered":"\n<p>presidente da Rep\u00fablica, Jair Bolsonaro&nbsp;anunciou que criar\u00e1 a Secretaria de Animais. O an\u00fancio foi realizado em&nbsp;mensagem publicada em seu perfil no Twitter, na noite desta segunda-feira (29).<\/p>\n\n\n\n<figure><iframe data-src=\"https:\/\/www.youtube.com\/embed\/pkhz4TqR_Kk\" allowfullscreen=\"\" src=\"data:image\/svg+xml;base64,PHN2ZyB3aWR0aD0iMSIgaGVpZ2h0PSIxIiB4bWxucz0iaHR0cDovL3d3dy53My5vcmcvMjAwMC9zdmciPjwvc3ZnPg==\" class=\"lazyload\" data-load-mode=\"1\"><\/iframe><\/figure>\n\n\n\n<p>Bolsonaro disse que conversou com o ministro da Defesa, Fernando Azevedo e Silva, para que as For\u00e7as Armadas forne\u00e7am suporte para a cria\u00e7\u00e3o do \u00f3rg\u00e3o,&nbsp;em agosto de 2019.<\/p>\n\n\n\n<p>\u201cTodos os poucos cargos vir\u00e3o de outras secretarias, sem qualquer nova despesa \u00e0 Uni\u00e3o\u201d, escreveu o chefe do Executivo, que tamb\u00e9m publicou um v\u00eddeo de 4 segundos acariciando um cachorro.<\/p>\n\n\n\n<p>A medida \u00e9 uma promessa de campanha de Bolsonaro.&nbsp;<\/p>\n\n\n\n<figure class=\"wp-block-image\"><img decoding=\"async\" src=\"https:\/\/www.clickpb.com.br\/media\/filer_public\/ed\/ab\/edab44aa-057c-494b-9bc5-30f38f8a02ff\/blob\" alt=\"\"\/><\/figure>\n","protected":false},"excerpt":{"rendered":"<p>presidente da Rep\u00fablica, Jair Bolsonaro&nbsp;anunciou que criar\u00e1 a Secretaria de Animais. O an\u00fancio foi realizado em&nbsp;mensagem publicada em seu perfil no Twitter, na noite desta&hellip; <\/p>\n","protected":false},"author":1,"featured_media":30958,"comment_status":"closed","ping_status":"closed","sticky":false,"template":"","format":"standard","meta":{"sfsi_plus_gutenberg_text_before_share":"","sfsi_plus_gutenberg_show_text_before_share":"","sfsi_plus_gutenberg_icon_type":"","sfsi_plus_gutenberg_icon_alignemt":"","sfsi_plus_gutenburg_max_per_row":"","footnotes":""},"categories":[2],"tags":[],"class_list":["post-107515","post","type-post","status-publish","format-standard","has-post-thumbnail","hentry","category-geral"],"_links":{"self":[{"href":"https:\/\/www.caririemacao.com\/1\/wp-json\/wp\/v2\/posts\/107515","targetHints":{"allow":["GET"]}}],"collection":[{"href":"https:\/\/www.caririemacao.com\/1\/wp-json\/wp\/v2\/posts"}],"about":[{"href":"https:\/\/www.caririemacao.com\/1\/wp-json\/wp\/v2\/types\/post"}],"author":[{"embeddable":true,"href":"https:\/\/www.caririemacao.com\/1\/wp-json\/wp\/v2\/users\/1"}],"replies":[{"embeddable":true,"href":"https:\/\/www.caririemacao.com\/1\/wp-json\/wp\/v2\/comments?post=107515"}],"version-history":[{"count":1,"href":"https:\/\/www.caririemacao.com\/1\/wp-json\/wp\/v2\/posts\/107515\/revisions"}],"predecessor-version":[{"id":107516,"href":"https:\/\/www.caririemacao.com\/1\/wp-json\/wp\/v2\/posts\/107515\/revisions\/107516"}],"wp:featuredmedia":[{"embeddable":true,"href":"https:\/\/www.caririemacao.com\/1\/wp-json\/wp\/v2\/media\/30958"}],"wp:attachment":[{"href":"https:\/\/www.caririemacao.com\/1\/wp-json\/wp\/v2\/media?parent=107515"}],"wp:term":[{"taxonomy":"category","embeddable":true,"href":"https:\/\/www.caririemacao.com\/1\/wp-json\/wp\/v2\/categories?post=107515"},{"taxonomy":"post_tag","embeddable":true,"href":"https:\/\/www.caririemacao.com\/1\/wp-json\/wp\/v2\/tags?post=107515"}],"curies":[{"name":"wp","href":"https:\/\/api.w.org\/{rel}","templated":true}]}}